{"id":3932,"date":"2023-10-11T11:05:14","date_gmt":"2023-10-11T11:05:14","guid":{"rendered":"https:\/\/centroferiascordoba.com\/?p=3932"},"modified":"2024-03-15T10:18:54","modified_gmt":"2024-03-15T10:18:54","slug":"aglow-internacional-espana","status":"publish","type":"post","link":"https:\/\/centroferiascordoba.com\/en\/aglow-internacional-espana\/","title":{"rendered":"AGLOW INTERNACIONAL ESPA\u00d1A"},"content":{"rendered":"<section class=\"wpb-content-wrapper\"><div id=\"vc_row-69f3a07cc1d74\" class=\"vc_row wpb_row vc_row-fluid thegem-custom-69f3a07cc1d0d8906 vc_column-gap-20\"><div class=\"wpb_column vc_column_container vc_col-sm-6 thegem-custom-69f3a07cc22b74391\"><div class=\"vc_column-inner thegem-custom-inner-69f3a07cc22bb\"><div class=\"wpb_wrapper thegem-custom-69f3a07cc22b74391\">\r\n\t\r\n\t<div  class=\"wpb_single_image wpb_content_element vc_align_left\" >\r\n\t\t\r\n\t\t<figure class=\"wpb_wrapper vc_figure\">\r\n\t\t\t<div class=\"vc_single_image-wrapper   vc_box_border_grey\"><img fetchpriority=\"high\" decoding=\"async\" width=\"1024\" height=\"575\" src=\"https:\/\/centroferiascordoba.com\/wp-content\/uploads\/2024\/03\/aglow-1024x575.jpg\" class=\"vc_single_image-img attachment-large\" alt=\"\" title=\"aglow\" srcset=\"https:\/\/centroferiascordoba.com\/wp-content\/uploads\/2024\/03\/aglow-1024x575.jpg 1024w, https:\/\/centroferiascordoba.com\/wp-content\/uploads\/2024\/03\/aglow-300x168.jpg 300w, https:\/\/centroferiascordoba.com\/wp-content\/uploads\/2024\/03\/aglow-768x431.jpg 768w, https:\/\/centroferiascordoba.com\/wp-content\/uploads\/2024\/03\/aglow.jpg 1042w\" sizes=\"(max-width: 1024px) 100vw, 1024px\" \/><\/div>\r\n\t\t<\/figure>\r\n\t<\/div>\r\n\t\r\n\r\n\t\r\n\t\t<div class=\"wpb_text_column wpb_content_element  thegem-vc-text thegem-custom-69f3a07cc30568563\"  >\r\n\t\t\t<div class=\"wpb_wrapper\">\r\n\t\t\t\t<p><span style=\"color: #000000;\">Aglow es una organizaci\u00f3n internacional cuyo objetivo es compartir la esperanza eterna que ofrece Jes\u00fas reconciliando al ser humano con Dios. <\/span><span style=\"color: #000000;\">Aglow C\u00f3rdoba se celebrar\u00e1 los d\u00edas 15 a 17 de marzo en el Centro de Exposiciones, Ferias y Convenciones de C\u00f3rdoba<\/span><\/p>\n\r\n\t\t\t<\/div>\r\n\t\t\t<style>@media screen and (max-width: 1023px) {.thegem-vc-text.thegem-custom-69f3a07cc30568563{display: block!important;}}@media screen and (max-width: 767px) {.thegem-vc-text.thegem-custom-69f3a07cc30568563{display: block!important;}}@media screen and (max-width: 1023px) {.thegem-vc-text.thegem-custom-69f3a07cc30568563{position: relative !important;}}@media screen and (max-width: 767px) {.thegem-vc-text.thegem-custom-69f3a07cc30568563{position: relative !important;}}<\/style>\r\n\t\t<\/div>\r\n\t\r\n<\/div><\/div><\/div><div class=\"wpb_column vc_column_container vc_col-sm-6 thegem-custom-69f3a07cc34df5071\"><div class=\"vc_column-inner thegem-custom-inner-69f3a07cc34e2 vc_custom_1697023072784\"><div class=\"wpb_wrapper thegem-custom-69f3a07cc34df5071\">\r\n\t\r\n\t<div  class=\"wpb_single_image wpb_content_element vc_align_left\" >\r\n\t\t\r\n\t\t<figure class=\"wpb_wrapper vc_figure\">\r\n\t\t\t<div class=\"vc_single_image-wrapper   vc_box_border_grey\"><img decoding=\"async\" width=\"1024\" height=\"17\" src=\"https:\/\/centroferiascordoba.com\/wp-content\/uploads\/2022\/10\/colores-1024x17.png\" class=\"vc_single_image-img attachment-large\" alt=\"\" title=\"colores\" srcset=\"https:\/\/centroferiascordoba.com\/wp-content\/uploads\/2022\/10\/colores-1024x17.png 1024w, https:\/\/centroferiascordoba.com\/wp-content\/uploads\/2022\/10\/colores-300x5.png 300w, https:\/\/centroferiascordoba.com\/wp-content\/uploads\/2022\/10\/colores-768x12.png 768w, https:\/\/centroferiascordoba.com\/wp-content\/uploads\/2022\/10\/colores-1536x25.png 1536w, https:\/\/centroferiascordoba.com\/wp-content\/uploads\/2022\/10\/colores-2048x33.png 2048w\" sizes=\"(max-width: 1024px) 100vw, 1024px\" \/><\/div>\r\n\t\t<\/figure>\r\n\t<\/div>\r\n\t\r\n\r\n\t\r\n\t\t<div class=\"wpb_text_column wpb_content_element  thegem-vc-text thegem-custom-69f3a07cc3d604234\"  >\r\n\t\t\t<div class=\"wpb_wrapper\">\r\n\t\t\t\t<p><span style=\"color: #000000;\"><strong>Fecha inicio evento:<\/strong> 15 marzo 2024<\/span><br \/>\n<span style=\"color: #000000;\"><strong>Fecha fin evento<\/strong>: 17 marzo 2024<\/span><br \/>\n<span style=\"color: #000000;\"><strong>Web evento:<\/strong><\/span><br \/>\n<a href=\"https:\/\/aglow.es\/\" target=\"_blank\" rel=\"noopener\">https:\/\/aglow.es\/<\/a><\/p>\n<p><span style=\"color: #000000;\"><strong>M\u00e1s info<\/strong><\/span><\/p>\n<p><span style=\"color: #000000;\"><strong>C\u00f3rdoba Exhibition, Fair and Convention Center<\/strong><\/span><br \/>\n<span style=\"color: #000000;\">Avenida de la F\u00e1brica, s\/n (Parque Joyero)<\/span><br \/>\n<span style=\"color: #000000;\">14005 C\u00f3rdoba<\/span><br \/>\n<span style=\"color: #000000;\">gestion@centroferiascordoba.com<\/span><br \/>\n<span style=\"color: #000000;\">www.centroferiascordoba.com<\/span><br \/>\n<span style=\"color: #000000;\">(+0034) 957 49 99 00 Ext. 17096 \/ Ext. 17213<\/span><\/p>\n<p><span style=\"color: #000000;\">\u00a0<\/span><\/p>\n\r\n\t\t\t<\/div>\r\n\t\t\t<style>@media screen and (max-width: 1023px) {.thegem-vc-text.thegem-custom-69f3a07cc3d604234{display: block!important;}}@media screen and (max-width: 767px) {.thegem-vc-text.thegem-custom-69f3a07cc3d604234{display: block!important;}}@media screen and (max-width: 1023px) {.thegem-vc-text.thegem-custom-69f3a07cc3d604234{position: relative !important;}}@media screen and (max-width: 767px) {.thegem-vc-text.thegem-custom-69f3a07cc3d604234{position: relative !important;}}<\/style>\r\n\t\t<\/div>\r\n\t\r\n\r\n\t\r\n\t<div  class=\"wpb_single_image wpb_content_element vc_align_left\" >\r\n\t\t\r\n\t\t<figure class=\"wpb_wrapper vc_figure\">\r\n\t\t\t<div class=\"vc_single_image-wrapper   vc_box_border_grey\"><img decoding=\"async\" width=\"1024\" height=\"17\" src=\"https:\/\/centroferiascordoba.com\/wp-content\/uploads\/2022\/10\/colores-1024x17.png\" class=\"vc_single_image-img attachment-large\" alt=\"\" title=\"colores\" srcset=\"https:\/\/centroferiascordoba.com\/wp-content\/uploads\/2022\/10\/colores-1024x17.png 1024w, https:\/\/centroferiascordoba.com\/wp-content\/uploads\/2022\/10\/colores-300x5.png 300w, https:\/\/centroferiascordoba.com\/wp-content\/uploads\/2022\/10\/colores-768x12.png 768w, https:\/\/centroferiascordoba.com\/wp-content\/uploads\/2022\/10\/colores-1536x25.png 1536w, https:\/\/centroferiascordoba.com\/wp-content\/uploads\/2022\/10\/colores-2048x33.png 2048w\" sizes=\"(max-width: 1024px) 100vw, 1024px\" \/><\/div>\r\n\t\t<\/figure>\r\n\t<\/div>\r\n\t\r\n<\/div><\/div><\/div><\/div>\n<\/section>","protected":false},"excerpt":{"rendered":"<p>El Centro de Exposiciones, Ferias y Convenciones (CEFC) en C\u00f3rdoba acoger\u00e1,\u00a0del 18 al 20 de octubre, el XXIV Congreso Nacional de Hosteler\u00eda Hospitalaria, que organiza la asociaci\u00f3n de mismo nombre<\/p>","protected":false},"author":10,"featured_media":4031,"comment_status":"closed","ping_status":"open","sticky":false,"template":"","format":"standard","meta":{"footnotes":""},"categories":[49],"tags":[],"class_list":{"0":"post-3932","1":"post","2":"type-post","3":"status-publish","4":"format-standard","5":"has-post-thumbnail","7":"category-proximos-eventos"},"yoast_head":"<!-- This site is optimized with the Yoast SEO plugin v20.1 - https:\/\/yoast.com\/wordpress\/plugins\/seo\/ -->\n<title>AGLOW INTERNACIONAL ESPA\u00d1A - CEFC<\/title>\n<meta name=\"robots\" content=\"index, follow, max-snippet:-1, max-image-preview:large, max-video-preview:-1\" \/>\n<link rel=\"canonical\" href=\"https:\/\/centroferiascordoba.com\/en\/aglow-internacional-espana\/\" \/>\n<meta property=\"og:locale\" content=\"en_GB\" \/>\n<meta property=\"og:type\" content=\"article\" \/>\n<meta property=\"og:title\" content=\"AGLOW INTERNACIONAL ESPA\u00d1A - CEFC\" \/>\n<meta property=\"og:description\" content=\"El Centro de Exposiciones, Ferias y Convenciones (CEFC) en C\u00f3rdoba acoger\u00e1,\u00a0del 18 al 20 de octubre, el XXIV Congreso Nacional de Hosteler\u00eda Hospitalaria, que organiza la asociaci\u00f3n de mismo nombre\" \/>\n<meta property=\"og:url\" content=\"https:\/\/centroferiascordoba.com\/en\/aglow-internacional-espana\/\" \/>\n<meta property=\"og:site_name\" content=\"CEFC\" \/>\n<meta property=\"article:published_time\" content=\"2023-10-11T11:05:14+00:00\" \/>\n<meta property=\"article:modified_time\" content=\"2024-03-15T10:18:54+00:00\" \/>\n<meta property=\"og:image\" content=\"https:\/\/centroferiascordoba.com\/wp-content\/uploads\/2024\/03\/aglow.jpg\" \/>\n\t<meta property=\"og:image:width\" content=\"1042\" \/>\n\t<meta property=\"og:image:height\" content=\"585\" \/>\n\t<meta property=\"og:image:type\" content=\"image\/jpeg\" \/>\n<meta name=\"author\" content=\"Euro Social Media S.L\" \/>\n<meta name=\"twitter:card\" content=\"summary_large_image\" \/>\n<meta name=\"twitter:label1\" content=\"Written by\" \/>\n\t<meta name=\"twitter:data1\" content=\"Euro Social Media S.L\" \/>\n\t<meta name=\"twitter:label2\" content=\"Estimated reading time\" \/>\n\t<meta name=\"twitter:data2\" content=\"1 minute\" \/>\n<script type=\"application\/ld+json\" class=\"yoast-schema-graph\">{\"@context\":\"https:\/\/schema.org\",\"@graph\":[{\"@type\":\"WebPage\",\"@id\":\"https:\/\/centroferiascordoba.com\/aglow-internacional-espana\/\",\"url\":\"https:\/\/centroferiascordoba.com\/aglow-internacional-espana\/\",\"name\":\"AGLOW INTERNACIONAL ESPA\u00d1A - CEFC\",\"isPartOf\":{\"@id\":\"https:\/\/centroferiascordoba.com\/#website\"},\"datePublished\":\"2023-10-11T11:05:14+00:00\",\"dateModified\":\"2024-03-15T10:18:54+00:00\",\"author\":{\"@id\":\"https:\/\/centroferiascordoba.com\/#\/schema\/person\/608f85d3131a3e006c4eb4cc3e3f4d2f\"},\"breadcrumb\":{\"@id\":\"https:\/\/centroferiascordoba.com\/aglow-internacional-espana\/#breadcrumb\"},\"inLanguage\":\"en-GB\",\"potentialAction\":[{\"@type\":\"ReadAction\",\"target\":[\"https:\/\/centroferiascordoba.com\/aglow-internacional-espana\/\"]}]},{\"@type\":\"BreadcrumbList\",\"@id\":\"https:\/\/centroferiascordoba.com\/aglow-internacional-espana\/#breadcrumb\",\"itemListElement\":[{\"@type\":\"ListItem\",\"position\":1,\"name\":\"Portada\",\"item\":\"https:\/\/centroferiascordoba.com\/\"},{\"@type\":\"ListItem\",\"position\":2,\"name\":\"AGLOW INTERNACIONAL ESPA\u00d1A\"}]},{\"@type\":\"WebSite\",\"@id\":\"https:\/\/centroferiascordoba.com\/#website\",\"url\":\"https:\/\/centroferiascordoba.com\/\",\"name\":\"CEFC\",\"description\":\"Sitio Web Oficial Centro de Exposiciones, Ferias y Convenciones de C\u00f3rdoba\",\"potentialAction\":[{\"@type\":\"SearchAction\",\"target\":{\"@type\":\"EntryPoint\",\"urlTemplate\":\"https:\/\/centroferiascordoba.com\/?s={search_term_string}\"},\"query-input\":\"required name=search_term_string\"}],\"inLanguage\":\"en-GB\"},{\"@type\":\"Person\",\"@id\":\"https:\/\/centroferiascordoba.com\/#\/schema\/person\/608f85d3131a3e006c4eb4cc3e3f4d2f\",\"name\":\"Euro Social Media S.L\",\"image\":{\"@type\":\"ImageObject\",\"inLanguage\":\"en-GB\",\"@id\":\"https:\/\/centroferiascordoba.com\/#\/schema\/person\/image\/\",\"url\":\"https:\/\/secure.gravatar.com\/avatar\/c8d0b4f9b74ec0233f3793d5129442bd8355eecfd8d165dc02c5b82963d8d85b?s=96&d=mm&r=g\",\"contentUrl\":\"https:\/\/secure.gravatar.com\/avatar\/c8d0b4f9b74ec0233f3793d5129442bd8355eecfd8d165dc02c5b82963d8d85b?s=96&d=mm&r=g\",\"caption\":\"Euro Social Media S.L\"},\"url\":\"https:\/\/centroferiascordoba.com\/en\/author\/euro-social-media-s-l\/\"}]}<\/script>\n<!-- \/ Yoast SEO plugin. -->","yoast_head_json":{"title":"AGLOW INTERNACIONAL ESPA\u00d1A - CEFC","robots":{"index":"index","follow":"follow","max-snippet":"max-snippet:-1","max-image-preview":"max-image-preview:large","max-video-preview":"max-video-preview:-1"},"canonical":"https:\/\/centroferiascordoba.com\/en\/aglow-internacional-espana\/","og_locale":"en_GB","og_type":"article","og_title":"AGLOW INTERNACIONAL ESPA\u00d1A - CEFC","og_description":"El Centro de Exposiciones, Ferias y Convenciones (CEFC) en C\u00f3rdoba acoger\u00e1,\u00a0del 18 al 20 de octubre, el XXIV Congreso Nacional de Hosteler\u00eda Hospitalaria, que organiza la asociaci\u00f3n de mismo nombre","og_url":"https:\/\/centroferiascordoba.com\/en\/aglow-internacional-espana\/","og_site_name":"CEFC","article_published_time":"2023-10-11T11:05:14+00:00","article_modified_time":"2024-03-15T10:18:54+00:00","og_image":[{"width":1042,"height":585,"url":"https:\/\/centroferiascordoba.com\/wp-content\/uploads\/2024\/03\/aglow.jpg","type":"image\/jpeg"}],"author":"Euro Social Media S.L","twitter_card":"summary_large_image","twitter_misc":{"Written by":"Euro Social Media S.L","Estimated reading time":"1 minute"},"schema":{"@context":"https:\/\/schema.org","@graph":[{"@type":"WebPage","@id":"https:\/\/centroferiascordoba.com\/aglow-internacional-espana\/","url":"https:\/\/centroferiascordoba.com\/aglow-internacional-espana\/","name":"AGLOW INTERNACIONAL ESPA\u00d1A - CEFC","isPartOf":{"@id":"https:\/\/centroferiascordoba.com\/#website"},"datePublished":"2023-10-11T11:05:14+00:00","dateModified":"2024-03-15T10:18:54+00:00","author":{"@id":"https:\/\/centroferiascordoba.com\/#\/schema\/person\/608f85d3131a3e006c4eb4cc3e3f4d2f"},"breadcrumb":{"@id":"https:\/\/centroferiascordoba.com\/aglow-internacional-espana\/#breadcrumb"},"inLanguage":"en-GB","potentialAction":[{"@type":"ReadAction","target":["https:\/\/centroferiascordoba.com\/aglow-internacional-espana\/"]}]},{"@type":"BreadcrumbList","@id":"https:\/\/centroferiascordoba.com\/aglow-internacional-espana\/#breadcrumb","itemListElement":[{"@type":"ListItem","position":1,"name":"Portada","item":"https:\/\/centroferiascordoba.com\/"},{"@type":"ListItem","position":2,"name":"AGLOW INTERNACIONAL ESPA\u00d1A"}]},{"@type":"WebSite","@id":"https:\/\/centroferiascordoba.com\/#website","url":"https:\/\/centroferiascordoba.com\/","name":"CEFC","description":"Sitio Web Oficial Centro de Exposiciones, Ferias y Convenciones de C\u00f3rdoba","potentialAction":[{"@type":"SearchAction","target":{"@type":"EntryPoint","urlTemplate":"https:\/\/centroferiascordoba.com\/?s={search_term_string}"},"query-input":"required name=search_term_string"}],"inLanguage":"en-GB"},{"@type":"Person","@id":"https:\/\/centroferiascordoba.com\/#\/schema\/person\/608f85d3131a3e006c4eb4cc3e3f4d2f","name":"Euro Social Media S.L","image":{"@type":"ImageObject","inLanguage":"en-GB","@id":"https:\/\/centroferiascordoba.com\/#\/schema\/person\/image\/","url":"https:\/\/secure.gravatar.com\/avatar\/c8d0b4f9b74ec0233f3793d5129442bd8355eecfd8d165dc02c5b82963d8d85b?s=96&d=mm&r=g","contentUrl":"https:\/\/secure.gravatar.com\/avatar\/c8d0b4f9b74ec0233f3793d5129442bd8355eecfd8d165dc02c5b82963d8d85b?s=96&d=mm&r=g","caption":"Euro Social Media S.L"},"url":"https:\/\/centroferiascordoba.com\/en\/author\/euro-social-media-s-l\/"}]}},"_links":{"self":[{"href":"https:\/\/centroferiascordoba.com\/en\/wp-json\/wp\/v2\/posts\/3932","targetHints":{"allow":["GET"]}}],"collection":[{"href":"https:\/\/centroferiascordoba.com\/en\/wp-json\/wp\/v2\/posts"}],"about":[{"href":"https:\/\/centroferiascordoba.com\/en\/wp-json\/wp\/v2\/types\/post"}],"author":[{"embeddable":true,"href":"https:\/\/centroferiascordoba.com\/en\/wp-json\/wp\/v2\/users\/10"}],"replies":[{"embeddable":true,"href":"https:\/\/centroferiascordoba.com\/en\/wp-json\/wp\/v2\/comments?post=3932"}],"version-history":[{"count":7,"href":"https:\/\/centroferiascordoba.com\/en\/wp-json\/wp\/v2\/posts\/3932\/revisions"}],"predecessor-version":[{"id":4071,"href":"https:\/\/centroferiascordoba.com\/en\/wp-json\/wp\/v2\/posts\/3932\/revisions\/4071"}],"wp:featuredmedia":[{"embeddable":true,"href":"https:\/\/centroferiascordoba.com\/en\/wp-json\/wp\/v2\/media\/4031"}],"wp:attachment":[{"href":"https:\/\/centroferiascordoba.com\/en\/wp-json\/wp\/v2\/media?parent=3932"}],"wp:term":[{"taxonomy":"category","embeddable":true,"href":"https:\/\/centroferiascordoba.com\/en\/wp-json\/wp\/v2\/categories?post=3932"},{"taxonomy":"post_tag","embeddable":true,"href":"https:\/\/centroferiascordoba.com\/en\/wp-json\/wp\/v2\/tags?post=3932"}],"curies":[{"name":"wp","href":"https:\/\/api.w.org\/{rel}","templated":true}]}}