{"id":3935,"date":"2023-10-11T11:10:21","date_gmt":"2023-10-11T11:10:21","guid":{"rendered":"https:\/\/centroferiascordoba.com\/?p=3935"},"modified":"2023-10-11T11:27:25","modified_gmt":"2023-10-11T11:27:25","slug":"aire-feria-internacional-de-los-espacios-y-parques-naturales","status":"publish","type":"post","link":"https:\/\/centroferiascordoba.com\/en\/aire-feria-internacional-de-los-espacios-y-parques-naturales\/","title":{"rendered":"AIRE FERIA INTERNACIONAL DE LOS ESPACIOS Y PARQUES NATURALES"},"content":{"rendered":"<section class=\"wpb-content-wrapper\"><div id=\"vc_row-69f3a1c7499f7\" class=\"vc_row wpb_row vc_row-fluid thegem-custom-69f3a1c7499e72428 vc_column-gap-20\"><div class=\"wpb_column vc_column_container vc_col-sm-6 thegem-custom-69f3a1c749d492808\"><div class=\"vc_column-inner thegem-custom-inner-69f3a1c749d4b\"><div class=\"wpb_wrapper thegem-custom-69f3a1c749d492808\">\r\n\t\r\n\t<div  class=\"wpb_single_image wpb_content_element vc_align_left\" >\r\n\t\t\r\n\t\t<figure class=\"wpb_wrapper vc_figure\">\r\n\t\t\t<div class=\"vc_single_image-wrapper   vc_box_border_grey\"><img fetchpriority=\"high\" decoding=\"async\" width=\"1024\" height=\"683\" src=\"https:\/\/centroferiascordoba.com\/wp-content\/uploads\/2023\/07\/DSC04914-1024x683.jpg\" class=\"vc_single_image-img attachment-large\" alt=\"\" title=\"DSC04914\" srcset=\"https:\/\/centroferiascordoba.com\/wp-content\/uploads\/2023\/07\/DSC04914-1024x683.jpg 1024w, https:\/\/centroferiascordoba.com\/wp-content\/uploads\/2023\/07\/DSC04914-300x200.jpg 300w, https:\/\/centroferiascordoba.com\/wp-content\/uploads\/2023\/07\/DSC04914-768x512.jpg 768w, https:\/\/centroferiascordoba.com\/wp-content\/uploads\/2023\/07\/DSC04914-1536x1024.jpg 1536w, https:\/\/centroferiascordoba.com\/wp-content\/uploads\/2023\/07\/DSC04914-2048x1365.jpg 2048w\" sizes=\"(max-width: 1024px) 100vw, 1024px\" \/><\/div>\r\n\t\t<\/figure>\r\n\t<\/div>\r\n\t\r\n\r\n\t\r\n\t\t<div class=\"wpb_text_column wpb_content_element  thegem-vc-text thegem-custom-69f3a1c74a5fd5367\"  >\r\n\t\t\t<div class=\"wpb_wrapper\">\r\n\t\t\t\t<p><span style=\"color: #000000;\">Este Foro, que tendr\u00e1 lugar el pr\u00f3ximo 13 y 14 de diciembre, pretende visibilizar e impulsar el ecosistema profesional que gira en torno a este sector. Cada vez son m\u00e1s las empresas que buscan dar servicio asociado al turismo de naturaleza, sostenible, desarrollo rural, socio educaci\u00f3n y concienciaci\u00f3n, gesti\u00f3n energ\u00e9tica, recursos o biodiversidad. El Foro reunir\u00e1 a todos esos profesionales que buscan dar a conocer sus servicios o bien aumentar sus conocimientos asociados a su actividad, impulsando el tejido productivo que rodea a todos aquellos parajes en los que se engloban este perfil de profesionales.<\/span><\/p>\n<p><span style=\"color: #000000;\">Espa\u00f1a es un pa\u00eds rico en este tipo de espacios, cuenta con 16 parques nacionales y m\u00e1s de 150 parques naturales repartidos por toda la geograf\u00eda del territorio, adem\u00e1s de m\u00e1s de 290 reservas naturales y 359 monumentos naturales. Los espacios protegidos tambi\u00e9n son un elemento diferenciador del pa\u00eds, contando con m\u00e1s de un 12,3% de superficie marina protegida y un 27,4% de terrestre protegida.<\/span><\/p>\n<p><span style=\"color: #000000;\">Uno de los motivos por lo que AIRE se realiza en C\u00f3rdoba es porque Andaluc\u00eda es la regi\u00f3n con mayor n\u00famero de parques naturales. Con este fin, AIRE se convertir\u00e1 en un parque natural con miradores (los propios stands de los expositores) con elementos identificativos de cada uno de ellos. Incluyendo importantes Jornadas T\u00e9cnicas que permitir\u00e1n conectar al sector.<\/span><\/p>\n<p><span style=\"color: #000000;\">Los expositores ser\u00e1n desde espacios naturales a destinos, servicios y actividades de naturaleza y entorno rural, incluyendo a los propios gestores y proveedores. Sin olvidar tecnolog\u00eda y digitalizaci\u00f3n, aspectos claves en los modelos de negocio actuales y que van tomando relevancia en todo este conjunto.<\/span><\/p>\n\r\n\t\t\t<\/div>\r\n\t\t\t<style>@media screen and (max-width: 1023px) {.thegem-vc-text.thegem-custom-69f3a1c74a5fd5367{display: block!important;}}@media screen and (max-width: 767px) {.thegem-vc-text.thegem-custom-69f3a1c74a5fd5367{display: block!important;}}@media screen and (max-width: 1023px) {.thegem-vc-text.thegem-custom-69f3a1c74a5fd5367{position: relative !important;}}@media screen and (max-width: 767px) {.thegem-vc-text.thegem-custom-69f3a1c74a5fd5367{position: relative !important;}}<\/style>\r\n\t\t<\/div>\r\n\t\r\n<\/div><\/div><\/div><div class=\"wpb_column vc_column_container vc_col-sm-6 thegem-custom-69f3a1c74a9026555\"><div class=\"vc_column-inner thegem-custom-inner-69f3a1c74a904 vc_custom_1697023612355\"><div class=\"wpb_wrapper thegem-custom-69f3a1c74a9026555\">\r\n\t\r\n\t<div  class=\"wpb_single_image wpb_content_element vc_align_left\" >\r\n\t\t\r\n\t\t<figure class=\"wpb_wrapper vc_figure\">\r\n\t\t\t<div class=\"vc_single_image-wrapper   vc_box_border_grey\"><img decoding=\"async\" width=\"1024\" height=\"17\" src=\"https:\/\/centroferiascordoba.com\/wp-content\/uploads\/2022\/10\/colores-1024x17.png\" class=\"vc_single_image-img attachment-large\" alt=\"\" title=\"colores\" srcset=\"https:\/\/centroferiascordoba.com\/wp-content\/uploads\/2022\/10\/colores-1024x17.png 1024w, https:\/\/centroferiascordoba.com\/wp-content\/uploads\/2022\/10\/colores-300x5.png 300w, https:\/\/centroferiascordoba.com\/wp-content\/uploads\/2022\/10\/colores-768x12.png 768w, https:\/\/centroferiascordoba.com\/wp-content\/uploads\/2022\/10\/colores-1536x25.png 1536w, https:\/\/centroferiascordoba.com\/wp-content\/uploads\/2022\/10\/colores-2048x33.png 2048w\" sizes=\"(max-width: 1024px) 100vw, 1024px\" \/><\/div>\r\n\t\t<\/figure>\r\n\t<\/div>\r\n\t\r\n\r\n\t\r\n\t\t<div class=\"wpb_text_column wpb_content_element  thegem-vc-text thegem-custom-69f3a1c74af769400\"  >\r\n\t\t\t<div class=\"wpb_wrapper\">\r\n\t\t\t\t<p><span style=\"color: #000000;\"><strong>Fecha inicio evento:<\/strong> 13 diciembre 2023<\/span><br \/>\n<span style=\"color: #000000;\"><strong>Fecha fin evento<\/strong>:14 diciembre 2023<\/span><br \/>\n<span style=\"color: #000000;\"><strong>Web evento:<\/strong><\/span><br \/>\nSIN DATOS<br \/>\n<span style=\"color: #000000;\"><strong>Organizado por<\/strong><\/span><br \/>\n<span style=\"color: #000000;\">SIN DATOS<\/span><\/p>\n\r\n\t\t\t<\/div>\r\n\t\t\t<style>@media screen and (max-width: 1023px) {.thegem-vc-text.thegem-custom-69f3a1c74af769400{display: block!important;}}@media screen and (max-width: 767px) {.thegem-vc-text.thegem-custom-69f3a1c74af769400{display: block!important;}}@media screen and (max-width: 1023px) {.thegem-vc-text.thegem-custom-69f3a1c74af769400{position: relative !important;}}@media screen and (max-width: 767px) {.thegem-vc-text.thegem-custom-69f3a1c74af769400{position: relative !important;}}<\/style>\r\n\t\t<\/div>\r\n\t\r\n\r\n\t\r\n\t<div  class=\"wpb_single_image wpb_content_element vc_align_left\" >\r\n\t\t\r\n\t\t<figure class=\"wpb_wrapper vc_figure\">\r\n\t\t\t<div class=\"vc_single_image-wrapper   vc_box_border_grey\"><img decoding=\"async\" width=\"1024\" height=\"17\" src=\"https:\/\/centroferiascordoba.com\/wp-content\/uploads\/2022\/10\/colores-1024x17.png\" class=\"vc_single_image-img attachment-large\" alt=\"\" title=\"colores\" srcset=\"https:\/\/centroferiascordoba.com\/wp-content\/uploads\/2022\/10\/colores-1024x17.png 1024w, https:\/\/centroferiascordoba.com\/wp-content\/uploads\/2022\/10\/colores-300x5.png 300w, https:\/\/centroferiascordoba.com\/wp-content\/uploads\/2022\/10\/colores-768x12.png 768w, https:\/\/centroferiascordoba.com\/wp-content\/uploads\/2022\/10\/colores-1536x25.png 1536w, https:\/\/centroferiascordoba.com\/wp-content\/uploads\/2022\/10\/colores-2048x33.png 2048w\" sizes=\"(max-width: 1024px) 100vw, 1024px\" \/><\/div>\r\n\t\t<\/figure>\r\n\t<\/div>\r\n\t\r\n<\/div><\/div><\/div><\/div>\n<\/section>","protected":false},"excerpt":{"rendered":"<p>Este Foro, que tendr\u00e1 lugar el pr\u00f3ximo 13 y 14 de diciembre, pretende visibilizar e impulsar el ecosistema profesional que gira en torno a este sector<\/p>","protected":false},"author":10,"featured_media":3828,"comment_status":"closed","ping_status":"open","sticky":false,"template":"","format":"standard","meta":{"footnotes":""},"categories":[1],"tags":[],"class_list":{"0":"post-3935","1":"post","2":"type-post","3":"status-publish","4":"format-standard","5":"has-post-thumbnail","7":"category-sin-categoria"},"yoast_head":"<!-- This site is optimized with the Yoast SEO plugin v20.1 - https:\/\/yoast.com\/wordpress\/plugins\/seo\/ -->\n<title>AIRE FERIA INTERNACIONAL DE LOS ESPACIOS Y PARQUES NATURALES - CEFC<\/title>\n<meta name=\"robots\" content=\"index, follow, max-snippet:-1, max-image-preview:large, max-video-preview:-1\" \/>\n<link rel=\"canonical\" href=\"https:\/\/centroferiascordoba.com\/en\/aire-feria-internacional-de-los-espacios-y-parques-naturales\/\" \/>\n<meta property=\"og:locale\" content=\"en_GB\" \/>\n<meta property=\"og:type\" content=\"article\" \/>\n<meta property=\"og:title\" content=\"AIRE FERIA INTERNACIONAL DE LOS ESPACIOS Y PARQUES NATURALES - CEFC\" \/>\n<meta property=\"og:description\" content=\"Este Foro, que tendr\u00e1 lugar el pr\u00f3ximo 13 y 14 de diciembre, pretende visibilizar e impulsar el ecosistema profesional que gira en torno a este sector\" \/>\n<meta property=\"og:url\" content=\"https:\/\/centroferiascordoba.com\/en\/aire-feria-internacional-de-los-espacios-y-parques-naturales\/\" \/>\n<meta property=\"og:site_name\" content=\"CEFC\" \/>\n<meta property=\"article:published_time\" content=\"2023-10-11T11:10:21+00:00\" \/>\n<meta property=\"article:modified_time\" content=\"2023-10-11T11:27:25+00:00\" \/>\n<meta property=\"og:image\" content=\"https:\/\/centroferiascordoba.com\/wp-content\/uploads\/2023\/07\/DSC04914-scaled.jpg\" \/>\n\t<meta property=\"og:image:width\" content=\"2560\" \/>\n\t<meta property=\"og:image:height\" content=\"1707\" \/>\n\t<meta property=\"og:image:type\" content=\"image\/jpeg\" \/>\n<meta name=\"author\" content=\"Euro Social Media S.L\" \/>\n<meta name=\"twitter:card\" content=\"summary_large_image\" \/>\n<meta name=\"twitter:label1\" content=\"Written by\" \/>\n\t<meta name=\"twitter:data1\" content=\"Euro Social Media S.L\" \/>\n\t<meta name=\"twitter:label2\" content=\"Estimated reading time\" \/>\n\t<meta name=\"twitter:data2\" content=\"2 minutes\" \/>\n<script type=\"application\/ld+json\" class=\"yoast-schema-graph\">{\"@context\":\"https:\/\/schema.org\",\"@graph\":[{\"@type\":\"WebPage\",\"@id\":\"https:\/\/centroferiascordoba.com\/aire-feria-internacional-de-los-espacios-y-parques-naturales\/\",\"url\":\"https:\/\/centroferiascordoba.com\/aire-feria-internacional-de-los-espacios-y-parques-naturales\/\",\"name\":\"AIRE FERIA INTERNACIONAL DE LOS ESPACIOS Y PARQUES NATURALES - CEFC\",\"isPartOf\":{\"@id\":\"https:\/\/centroferiascordoba.com\/#website\"},\"datePublished\":\"2023-10-11T11:10:21+00:00\",\"dateModified\":\"2023-10-11T11:27:25+00:00\",\"author\":{\"@id\":\"https:\/\/centroferiascordoba.com\/#\/schema\/person\/608f85d3131a3e006c4eb4cc3e3f4d2f\"},\"breadcrumb\":{\"@id\":\"https:\/\/centroferiascordoba.com\/aire-feria-internacional-de-los-espacios-y-parques-naturales\/#breadcrumb\"},\"inLanguage\":\"en-GB\",\"potentialAction\":[{\"@type\":\"ReadAction\",\"target\":[\"https:\/\/centroferiascordoba.com\/aire-feria-internacional-de-los-espacios-y-parques-naturales\/\"]}]},{\"@type\":\"BreadcrumbList\",\"@id\":\"https:\/\/centroferiascordoba.com\/aire-feria-internacional-de-los-espacios-y-parques-naturales\/#breadcrumb\",\"itemListElement\":[{\"@type\":\"ListItem\",\"position\":1,\"name\":\"Portada\",\"item\":\"https:\/\/centroferiascordoba.com\/\"},{\"@type\":\"ListItem\",\"position\":2,\"name\":\"AIRE FERIA INTERNACIONAL DE LOS ESPACIOS Y PARQUES NATURALES\"}]},{\"@type\":\"WebSite\",\"@id\":\"https:\/\/centroferiascordoba.com\/#website\",\"url\":\"https:\/\/centroferiascordoba.com\/\",\"name\":\"CEFC\",\"description\":\"Sitio Web Oficial Centro de Exposiciones, Ferias y Convenciones de C\u00f3rdoba\",\"potentialAction\":[{\"@type\":\"SearchAction\",\"target\":{\"@type\":\"EntryPoint\",\"urlTemplate\":\"https:\/\/centroferiascordoba.com\/?s={search_term_string}\"},\"query-input\":\"required name=search_term_string\"}],\"inLanguage\":\"en-GB\"},{\"@type\":\"Person\",\"@id\":\"https:\/\/centroferiascordoba.com\/#\/schema\/person\/608f85d3131a3e006c4eb4cc3e3f4d2f\",\"name\":\"Euro Social Media S.L\",\"image\":{\"@type\":\"ImageObject\",\"inLanguage\":\"en-GB\",\"@id\":\"https:\/\/centroferiascordoba.com\/#\/schema\/person\/image\/\",\"url\":\"https:\/\/secure.gravatar.com\/avatar\/c8d0b4f9b74ec0233f3793d5129442bd8355eecfd8d165dc02c5b82963d8d85b?s=96&d=mm&r=g\",\"contentUrl\":\"https:\/\/secure.gravatar.com\/avatar\/c8d0b4f9b74ec0233f3793d5129442bd8355eecfd8d165dc02c5b82963d8d85b?s=96&d=mm&r=g\",\"caption\":\"Euro Social Media S.L\"},\"url\":\"https:\/\/centroferiascordoba.com\/en\/author\/euro-social-media-s-l\/\"}]}<\/script>\n<!-- \/ Yoast SEO plugin. -->","yoast_head_json":{"title":"AIRE FERIA INTERNACIONAL DE LOS ESPACIOS Y PARQUES NATURALES - CEFC","robots":{"index":"index","follow":"follow","max-snippet":"max-snippet:-1","max-image-preview":"max-image-preview:large","max-video-preview":"max-video-preview:-1"},"canonical":"https:\/\/centroferiascordoba.com\/en\/aire-feria-internacional-de-los-espacios-y-parques-naturales\/","og_locale":"en_GB","og_type":"article","og_title":"AIRE FERIA INTERNACIONAL DE LOS ESPACIOS Y PARQUES NATURALES - CEFC","og_description":"Este Foro, que tendr\u00e1 lugar el pr\u00f3ximo 13 y 14 de diciembre, pretende visibilizar e impulsar el ecosistema profesional que gira en torno a este sector","og_url":"https:\/\/centroferiascordoba.com\/en\/aire-feria-internacional-de-los-espacios-y-parques-naturales\/","og_site_name":"CEFC","article_published_time":"2023-10-11T11:10:21+00:00","article_modified_time":"2023-10-11T11:27:25+00:00","og_image":[{"width":2560,"height":1707,"url":"https:\/\/centroferiascordoba.com\/wp-content\/uploads\/2023\/07\/DSC04914-scaled.jpg","type":"image\/jpeg"}],"author":"Euro Social Media S.L","twitter_card":"summary_large_image","twitter_misc":{"Written by":"Euro Social Media S.L","Estimated reading time":"2 minutes"},"schema":{"@context":"https:\/\/schema.org","@graph":[{"@type":"WebPage","@id":"https:\/\/centroferiascordoba.com\/aire-feria-internacional-de-los-espacios-y-parques-naturales\/","url":"https:\/\/centroferiascordoba.com\/aire-feria-internacional-de-los-espacios-y-parques-naturales\/","name":"AIRE FERIA INTERNACIONAL DE LOS ESPACIOS Y PARQUES NATURALES - CEFC","isPartOf":{"@id":"https:\/\/centroferiascordoba.com\/#website"},"datePublished":"2023-10-11T11:10:21+00:00","dateModified":"2023-10-11T11:27:25+00:00","author":{"@id":"https:\/\/centroferiascordoba.com\/#\/schema\/person\/608f85d3131a3e006c4eb4cc3e3f4d2f"},"breadcrumb":{"@id":"https:\/\/centroferiascordoba.com\/aire-feria-internacional-de-los-espacios-y-parques-naturales\/#breadcrumb"},"inLanguage":"en-GB","potentialAction":[{"@type":"ReadAction","target":["https:\/\/centroferiascordoba.com\/aire-feria-internacional-de-los-espacios-y-parques-naturales\/"]}]},{"@type":"BreadcrumbList","@id":"https:\/\/centroferiascordoba.com\/aire-feria-internacional-de-los-espacios-y-parques-naturales\/#breadcrumb","itemListElement":[{"@type":"ListItem","position":1,"name":"Portada","item":"https:\/\/centroferiascordoba.com\/"},{"@type":"ListItem","position":2,"name":"AIRE FERIA INTERNACIONAL DE LOS ESPACIOS Y PARQUES NATURALES"}]},{"@type":"WebSite","@id":"https:\/\/centroferiascordoba.com\/#website","url":"https:\/\/centroferiascordoba.com\/","name":"CEFC","description":"Sitio Web Oficial Centro de Exposiciones, Ferias y Convenciones de C\u00f3rdoba","potentialAction":[{"@type":"SearchAction","target":{"@type":"EntryPoint","urlTemplate":"https:\/\/centroferiascordoba.com\/?s={search_term_string}"},"query-input":"required name=search_term_string"}],"inLanguage":"en-GB"},{"@type":"Person","@id":"https:\/\/centroferiascordoba.com\/#\/schema\/person\/608f85d3131a3e006c4eb4cc3e3f4d2f","name":"Euro Social Media S.L","image":{"@type":"ImageObject","inLanguage":"en-GB","@id":"https:\/\/centroferiascordoba.com\/#\/schema\/person\/image\/","url":"https:\/\/secure.gravatar.com\/avatar\/c8d0b4f9b74ec0233f3793d5129442bd8355eecfd8d165dc02c5b82963d8d85b?s=96&d=mm&r=g","contentUrl":"https:\/\/secure.gravatar.com\/avatar\/c8d0b4f9b74ec0233f3793d5129442bd8355eecfd8d165dc02c5b82963d8d85b?s=96&d=mm&r=g","caption":"Euro Social Media S.L"},"url":"https:\/\/centroferiascordoba.com\/en\/author\/euro-social-media-s-l\/"}]}},"_links":{"self":[{"href":"https:\/\/centroferiascordoba.com\/en\/wp-json\/wp\/v2\/posts\/3935","targetHints":{"allow":["GET"]}}],"collection":[{"href":"https:\/\/centroferiascordoba.com\/en\/wp-json\/wp\/v2\/posts"}],"about":[{"href":"https:\/\/centroferiascordoba.com\/en\/wp-json\/wp\/v2\/types\/post"}],"author":[{"embeddable":true,"href":"https:\/\/centroferiascordoba.com\/en\/wp-json\/wp\/v2\/users\/10"}],"replies":[{"embeddable":true,"href":"https:\/\/centroferiascordoba.com\/en\/wp-json\/wp\/v2\/comments?post=3935"}],"version-history":[{"count":5,"href":"https:\/\/centroferiascordoba.com\/en\/wp-json\/wp\/v2\/posts\/3935\/revisions"}],"predecessor-version":[{"id":3947,"href":"https:\/\/centroferiascordoba.com\/en\/wp-json\/wp\/v2\/posts\/3935\/revisions\/3947"}],"wp:featuredmedia":[{"embeddable":true,"href":"https:\/\/centroferiascordoba.com\/en\/wp-json\/wp\/v2\/media\/3828"}],"wp:attachment":[{"href":"https:\/\/centroferiascordoba.com\/en\/wp-json\/wp\/v2\/media?parent=3935"}],"wp:term":[{"taxonomy":"category","embeddable":true,"href":"https:\/\/centroferiascordoba.com\/en\/wp-json\/wp\/v2\/categories?post=3935"},{"taxonomy":"post_tag","embeddable":true,"href":"https:\/\/centroferiascordoba.com\/en\/wp-json\/wp\/v2\/tags?post=3935"}],"curies":[{"name":"wp","href":"https:\/\/api.w.org\/{rel}","templated":true}]}}