{"id":4053,"date":"2024-03-11T13:45:15","date_gmt":"2024-03-11T13:45:15","guid":{"rendered":"https:\/\/centroferiascordoba.com\/?p=4053"},"modified":"2024-03-11T13:48:53","modified_gmt":"2024-03-11T13:48:53","slug":"39o-congreso-secor","status":"publish","type":"post","link":"https:\/\/centroferiascordoba.com\/en\/39o-congreso-secor\/","title":{"rendered":"39\u00ba CONGRESO SECOR"},"content":{"rendered":"<section class=\"wpb-content-wrapper\"><div id=\"vc_row-69f3a20b6a0a4\" class=\"vc_row wpb_row vc_row-fluid thegem-custom-69f3a20b6a05e4960 vc_column-gap-20\"><div class=\"wpb_column vc_column_container vc_col-sm-6 thegem-custom-69f3a20b6a4792467\"><div class=\"vc_column-inner thegem-custom-inner-69f3a20b6a47b\"><div class=\"wpb_wrapper thegem-custom-69f3a20b6a4792467\">\r\n\t\r\n\t<div  class=\"wpb_single_image wpb_content_element vc_align_left\" >\r\n\t\t\r\n\t\t<figure class=\"wpb_wrapper vc_figure\">\r\n\t\t\t<div class=\"vc_single_image-wrapper   vc_box_border_grey\"><img decoding=\"async\" width=\"201\" height=\"54\" src=\"https:\/\/centroferiascordoba.com\/wp-content\/uploads\/2024\/03\/1200x800_portada-web.jpg\" class=\"vc_single_image-img attachment-full\" alt=\"\" title=\"1200x800_portada-web\" \/><\/div>\r\n\t\t<\/figure>\r\n\t<\/div>\r\n\t\r\n\r\n\t\r\n\t\t<div class=\"wpb_text_column wpb_content_element  vc_custom_1710164694804 thegem-vc-text thegem-custom-69f3a20b6aeb49635\"  >\r\n\t\t\t<div class=\"wpb_wrapper\">\r\n\t\t\t\t<p><span style=\"color: #000000;\">SECOIR fue creada en 1984, En esa fecha, un grupo de oftalm\u00f3logos tom\u00f3 la decisi\u00f3n de agruparse para impulsar la cirug\u00eda de la catarata con la colocaci\u00f3n de implantes. Desde entonces tanto sus objetivos como su labor se han ampliado y potenciado hasta convertirse en un referente para los oftalm\u00f3logos que se dedican a esta subespecilidad.<\/span><\/p>\n<p><span style=\"color: #000000;\">Esta Sociedad tiene como objetivo principal la promoci\u00f3n, ampliaci\u00f3n y actualizaci\u00f3n de los estudios relativos a la microcirug\u00eda ocular en general y a la cirug\u00eda refractiva del globo ocular en particular, as\u00ed como establecer relaciones permanentes entre los especialistas de esta disciplina.<\/span><\/p>\n\r\n\t\t\t<\/div>\r\n\t\t\t<style>@media screen and (max-width: 1023px) {.thegem-vc-text.thegem-custom-69f3a20b6aeb49635{display: block!important;}}@media screen and (max-width: 767px) {.thegem-vc-text.thegem-custom-69f3a20b6aeb49635{display: block!important;}}@media screen and (max-width: 1023px) {.thegem-vc-text.thegem-custom-69f3a20b6aeb49635{position: relative !important;}}@media screen and (max-width: 767px) {.thegem-vc-text.thegem-custom-69f3a20b6aeb49635{position: relative !important;}}<\/style>\r\n\t\t<\/div>\r\n\t\r\n<\/div><\/div><\/div><div class=\"wpb_column vc_column_container vc_col-sm-6 thegem-custom-69f3a20b6b20b3100\"><div class=\"vc_column-inner thegem-custom-inner-69f3a20b6b20e vc_custom_1697023072784\"><div class=\"wpb_wrapper thegem-custom-69f3a20b6b20b3100\">\r\n\t\r\n\t<div  class=\"wpb_single_image wpb_content_element vc_align_left\" >\r\n\t\t\r\n\t\t<figure class=\"wpb_wrapper vc_figure\">\r\n\t\t\t<div class=\"vc_single_image-wrapper   vc_box_border_grey\"><img decoding=\"async\" width=\"1024\" height=\"17\" src=\"https:\/\/centroferiascordoba.com\/wp-content\/uploads\/2022\/10\/colores-1024x17.png\" class=\"vc_single_image-img attachment-large\" alt=\"\" title=\"colores\" srcset=\"https:\/\/centroferiascordoba.com\/wp-content\/uploads\/2022\/10\/colores-1024x17.png 1024w, https:\/\/centroferiascordoba.com\/wp-content\/uploads\/2022\/10\/colores-300x5.png 300w, https:\/\/centroferiascordoba.com\/wp-content\/uploads\/2022\/10\/colores-768x12.png 768w, https:\/\/centroferiascordoba.com\/wp-content\/uploads\/2022\/10\/colores-1536x25.png 1536w, https:\/\/centroferiascordoba.com\/wp-content\/uploads\/2022\/10\/colores-2048x33.png 2048w\" sizes=\"(max-width: 1024px) 100vw, 1024px\" \/><\/div>\r\n\t\t<\/figure>\r\n\t<\/div>\r\n\t\r\n\r\n\t\r\n\t\t<div class=\"wpb_text_column wpb_content_element  thegem-vc-text thegem-custom-69f3a20b6b8d3403\"  >\r\n\t\t\t<div class=\"wpb_wrapper\">\r\n\t\t\t\t<p><span style=\"color: #000000;\"><strong>Fecha inicio evento:<\/strong> 08 mayo 2024<\/span><br \/>\n<span style=\"color: #000000;\"><strong>Fecha fin evento<\/strong>: 10 mayo 2024<\/span><br \/>\n<span style=\"color: #000000;\"><strong>Web evento:<\/strong><\/span><br \/>\n<a href=\"https:\/\/secoir.org\/\" target=\"_blank\" rel=\"noopener\"> https:\/\/secoir.org\/<\/a><\/p>\n<p><span style=\"color: #000000;\"><strong>DATOS CONTACTO ORGANIZACI\u00d3N<\/strong><\/span><\/p>\n<p><span style=\"color: #000000;\"><strong>Tel\u00e9fono\u00a0<\/strong> 91 544 80 35<br \/>\n<strong>E-mail<\/strong> secoir@oftalmo.com<br \/>\n<strong>Direcci\u00f3n<\/strong><br \/>\nC\/ Arcipreste de Hita n\u00ba 14 \u2013 1\u00ba Derecha.<br \/>\n28015 \u2013 Madrid<br \/>\n<\/span><\/p>\n\r\n\t\t\t<\/div>\r\n\t\t\t<style>@media screen and (max-width: 1023px) {.thegem-vc-text.thegem-custom-69f3a20b6b8d3403{display: block!important;}}@media screen and (max-width: 767px) {.thegem-vc-text.thegem-custom-69f3a20b6b8d3403{display: block!important;}}@media screen and (max-width: 1023px) {.thegem-vc-text.thegem-custom-69f3a20b6b8d3403{position: relative !important;}}@media screen and (max-width: 767px) {.thegem-vc-text.thegem-custom-69f3a20b6b8d3403{position: relative !important;}}<\/style>\r\n\t\t<\/div>\r\n\t\r\n\r\n\t\r\n\t<div  class=\"wpb_single_image wpb_content_element vc_align_left\" >\r\n\t\t\r\n\t\t<figure class=\"wpb_wrapper vc_figure\">\r\n\t\t\t<div class=\"vc_single_image-wrapper   vc_box_border_grey\"><img decoding=\"async\" width=\"1024\" height=\"17\" src=\"https:\/\/centroferiascordoba.com\/wp-content\/uploads\/2022\/10\/colores-1024x17.png\" class=\"vc_single_image-img attachment-large\" alt=\"\" title=\"colores\" srcset=\"https:\/\/centroferiascordoba.com\/wp-content\/uploads\/2022\/10\/colores-1024x17.png 1024w, https:\/\/centroferiascordoba.com\/wp-content\/uploads\/2022\/10\/colores-300x5.png 300w, https:\/\/centroferiascordoba.com\/wp-content\/uploads\/2022\/10\/colores-768x12.png 768w, https:\/\/centroferiascordoba.com\/wp-content\/uploads\/2022\/10\/colores-1536x25.png 1536w, https:\/\/centroferiascordoba.com\/wp-content\/uploads\/2022\/10\/colores-2048x33.png 2048w\" sizes=\"(max-width: 1024px) 100vw, 1024px\" \/><\/div>\r\n\t\t<\/figure>\r\n\t<\/div>\r\n\t\r\n<\/div><\/div><\/div><\/div>\n<\/section>","protected":false},"excerpt":{"rendered":"<p>El Centro de Exposiciones, Ferias y Convenciones (CEFC) en C\u00f3rdoba acoger\u00e1,\u00a0del 18 al 20 de octubre, el XXIV Congreso Nacional de Hosteler\u00eda Hospitalaria, que organiza la asociaci\u00f3n de mismo nombre<\/p>","protected":false},"author":10,"featured_media":4035,"comment_status":"closed","ping_status":"open","sticky":false,"template":"","format":"standard","meta":{"footnotes":""},"categories":[49],"tags":[],"class_list":{"0":"post-4053","1":"post","2":"type-post","3":"status-publish","4":"format-standard","5":"has-post-thumbnail","7":"category-proximos-eventos"},"yoast_head":"<!-- This site is optimized with the Yoast SEO plugin v20.1 - https:\/\/yoast.com\/wordpress\/plugins\/seo\/ -->\n<title>39\u00ba CONGRESO SECOR - CEFC<\/title>\n<meta name=\"robots\" content=\"index, follow, max-snippet:-1, max-image-preview:large, max-video-preview:-1\" \/>\n<link rel=\"canonical\" href=\"https:\/\/centroferiascordoba.com\/en\/39o-congreso-secor\/\" \/>\n<meta property=\"og:locale\" content=\"en_GB\" \/>\n<meta property=\"og:type\" content=\"article\" \/>\n<meta property=\"og:title\" content=\"39\u00ba CONGRESO SECOR - CEFC\" \/>\n<meta property=\"og:description\" content=\"El Centro de Exposiciones, Ferias y Convenciones (CEFC) en C\u00f3rdoba acoger\u00e1,\u00a0del 18 al 20 de octubre, el XXIV Congreso Nacional de Hosteler\u00eda Hospitalaria, que organiza la asociaci\u00f3n de mismo nombre\" \/>\n<meta property=\"og:url\" content=\"https:\/\/centroferiascordoba.com\/en\/39o-congreso-secor\/\" \/>\n<meta property=\"og:site_name\" content=\"CEFC\" \/>\n<meta property=\"article:published_time\" content=\"2024-03-11T13:45:15+00:00\" \/>\n<meta property=\"article:modified_time\" content=\"2024-03-11T13:48:53+00:00\" \/>\n<meta property=\"og:image\" content=\"https:\/\/centroferiascordoba.com\/wp-content\/uploads\/2024\/03\/secoir.jpg\" \/>\n\t<meta property=\"og:image:width\" content=\"1423\" \/>\n\t<meta property=\"og:image:height\" content=\"803\" \/>\n\t<meta property=\"og:image:type\" content=\"image\/jpeg\" \/>\n<meta name=\"author\" content=\"Euro Social Media S.L\" \/>\n<meta name=\"twitter:card\" content=\"summary_large_image\" \/>\n<meta name=\"twitter:label1\" content=\"Written by\" \/>\n\t<meta name=\"twitter:data1\" content=\"Euro Social Media S.L\" \/>\n\t<meta name=\"twitter:label2\" content=\"Estimated reading time\" \/>\n\t<meta name=\"twitter:data2\" content=\"1 minute\" \/>\n<script type=\"application\/ld+json\" class=\"yoast-schema-graph\">{\"@context\":\"https:\/\/schema.org\",\"@graph\":[{\"@type\":\"WebPage\",\"@id\":\"https:\/\/centroferiascordoba.com\/39o-congreso-secor\/\",\"url\":\"https:\/\/centroferiascordoba.com\/39o-congreso-secor\/\",\"name\":\"39\u00ba CONGRESO SECOR - CEFC\",\"isPartOf\":{\"@id\":\"https:\/\/centroferiascordoba.com\/#website\"},\"datePublished\":\"2024-03-11T13:45:15+00:00\",\"dateModified\":\"2024-03-11T13:48:53+00:00\",\"author\":{\"@id\":\"https:\/\/centroferiascordoba.com\/#\/schema\/person\/608f85d3131a3e006c4eb4cc3e3f4d2f\"},\"breadcrumb\":{\"@id\":\"https:\/\/centroferiascordoba.com\/39o-congreso-secor\/#breadcrumb\"},\"inLanguage\":\"en-GB\",\"potentialAction\":[{\"@type\":\"ReadAction\",\"target\":[\"https:\/\/centroferiascordoba.com\/39o-congreso-secor\/\"]}]},{\"@type\":\"BreadcrumbList\",\"@id\":\"https:\/\/centroferiascordoba.com\/39o-congreso-secor\/#breadcrumb\",\"itemListElement\":[{\"@type\":\"ListItem\",\"position\":1,\"name\":\"Portada\",\"item\":\"https:\/\/centroferiascordoba.com\/\"},{\"@type\":\"ListItem\",\"position\":2,\"name\":\"39\u00ba CONGRESO SECOR\"}]},{\"@type\":\"WebSite\",\"@id\":\"https:\/\/centroferiascordoba.com\/#website\",\"url\":\"https:\/\/centroferiascordoba.com\/\",\"name\":\"CEFC\",\"description\":\"Sitio Web Oficial Centro de Exposiciones, Ferias y Convenciones de C\u00f3rdoba\",\"potentialAction\":[{\"@type\":\"SearchAction\",\"target\":{\"@type\":\"EntryPoint\",\"urlTemplate\":\"https:\/\/centroferiascordoba.com\/?s={search_term_string}\"},\"query-input\":\"required name=search_term_string\"}],\"inLanguage\":\"en-GB\"},{\"@type\":\"Person\",\"@id\":\"https:\/\/centroferiascordoba.com\/#\/schema\/person\/608f85d3131a3e006c4eb4cc3e3f4d2f\",\"name\":\"Euro Social Media S.L\",\"image\":{\"@type\":\"ImageObject\",\"inLanguage\":\"en-GB\",\"@id\":\"https:\/\/centroferiascordoba.com\/#\/schema\/person\/image\/\",\"url\":\"https:\/\/secure.gravatar.com\/avatar\/c8d0b4f9b74ec0233f3793d5129442bd8355eecfd8d165dc02c5b82963d8d85b?s=96&d=mm&r=g\",\"contentUrl\":\"https:\/\/secure.gravatar.com\/avatar\/c8d0b4f9b74ec0233f3793d5129442bd8355eecfd8d165dc02c5b82963d8d85b?s=96&d=mm&r=g\",\"caption\":\"Euro Social Media S.L\"},\"url\":\"https:\/\/centroferiascordoba.com\/en\/author\/euro-social-media-s-l\/\"}]}<\/script>\n<!-- \/ Yoast SEO plugin. -->","yoast_head_json":{"title":"39\u00ba CONGRESO SECOR - CEFC","robots":{"index":"index","follow":"follow","max-snippet":"max-snippet:-1","max-image-preview":"max-image-preview:large","max-video-preview":"max-video-preview:-1"},"canonical":"https:\/\/centroferiascordoba.com\/en\/39o-congreso-secor\/","og_locale":"en_GB","og_type":"article","og_title":"39\u00ba CONGRESO SECOR - CEFC","og_description":"El Centro de Exposiciones, Ferias y Convenciones (CEFC) en C\u00f3rdoba acoger\u00e1,\u00a0del 18 al 20 de octubre, el XXIV Congreso Nacional de Hosteler\u00eda Hospitalaria, que organiza la asociaci\u00f3n de mismo nombre","og_url":"https:\/\/centroferiascordoba.com\/en\/39o-congreso-secor\/","og_site_name":"CEFC","article_published_time":"2024-03-11T13:45:15+00:00","article_modified_time":"2024-03-11T13:48:53+00:00","og_image":[{"width":1423,"height":803,"url":"https:\/\/centroferiascordoba.com\/wp-content\/uploads\/2024\/03\/secoir.jpg","type":"image\/jpeg"}],"author":"Euro Social Media S.L","twitter_card":"summary_large_image","twitter_misc":{"Written by":"Euro Social Media S.L","Estimated reading time":"1 minute"},"schema":{"@context":"https:\/\/schema.org","@graph":[{"@type":"WebPage","@id":"https:\/\/centroferiascordoba.com\/39o-congreso-secor\/","url":"https:\/\/centroferiascordoba.com\/39o-congreso-secor\/","name":"39\u00ba CONGRESO SECOR - CEFC","isPartOf":{"@id":"https:\/\/centroferiascordoba.com\/#website"},"datePublished":"2024-03-11T13:45:15+00:00","dateModified":"2024-03-11T13:48:53+00:00","author":{"@id":"https:\/\/centroferiascordoba.com\/#\/schema\/person\/608f85d3131a3e006c4eb4cc3e3f4d2f"},"breadcrumb":{"@id":"https:\/\/centroferiascordoba.com\/39o-congreso-secor\/#breadcrumb"},"inLanguage":"en-GB","potentialAction":[{"@type":"ReadAction","target":["https:\/\/centroferiascordoba.com\/39o-congreso-secor\/"]}]},{"@type":"BreadcrumbList","@id":"https:\/\/centroferiascordoba.com\/39o-congreso-secor\/#breadcrumb","itemListElement":[{"@type":"ListItem","position":1,"name":"Portada","item":"https:\/\/centroferiascordoba.com\/"},{"@type":"ListItem","position":2,"name":"39\u00ba CONGRESO SECOR"}]},{"@type":"WebSite","@id":"https:\/\/centroferiascordoba.com\/#website","url":"https:\/\/centroferiascordoba.com\/","name":"CEFC","description":"Sitio Web Oficial Centro de Exposiciones, Ferias y Convenciones de C\u00f3rdoba","potentialAction":[{"@type":"SearchAction","target":{"@type":"EntryPoint","urlTemplate":"https:\/\/centroferiascordoba.com\/?s={search_term_string}"},"query-input":"required name=search_term_string"}],"inLanguage":"en-GB"},{"@type":"Person","@id":"https:\/\/centroferiascordoba.com\/#\/schema\/person\/608f85d3131a3e006c4eb4cc3e3f4d2f","name":"Euro Social Media S.L","image":{"@type":"ImageObject","inLanguage":"en-GB","@id":"https:\/\/centroferiascordoba.com\/#\/schema\/person\/image\/","url":"https:\/\/secure.gravatar.com\/avatar\/c8d0b4f9b74ec0233f3793d5129442bd8355eecfd8d165dc02c5b82963d8d85b?s=96&d=mm&r=g","contentUrl":"https:\/\/secure.gravatar.com\/avatar\/c8d0b4f9b74ec0233f3793d5129442bd8355eecfd8d165dc02c5b82963d8d85b?s=96&d=mm&r=g","caption":"Euro Social Media S.L"},"url":"https:\/\/centroferiascordoba.com\/en\/author\/euro-social-media-s-l\/"}]}},"_links":{"self":[{"href":"https:\/\/centroferiascordoba.com\/en\/wp-json\/wp\/v2\/posts\/4053","targetHints":{"allow":["GET"]}}],"collection":[{"href":"https:\/\/centroferiascordoba.com\/en\/wp-json\/wp\/v2\/posts"}],"about":[{"href":"https:\/\/centroferiascordoba.com\/en\/wp-json\/wp\/v2\/types\/post"}],"author":[{"embeddable":true,"href":"https:\/\/centroferiascordoba.com\/en\/wp-json\/wp\/v2\/users\/10"}],"replies":[{"embeddable":true,"href":"https:\/\/centroferiascordoba.com\/en\/wp-json\/wp\/v2\/comments?post=4053"}],"version-history":[{"count":6,"href":"https:\/\/centroferiascordoba.com\/en\/wp-json\/wp\/v2\/posts\/4053\/revisions"}],"predecessor-version":[{"id":4060,"href":"https:\/\/centroferiascordoba.com\/en\/wp-json\/wp\/v2\/posts\/4053\/revisions\/4060"}],"wp:featuredmedia":[{"embeddable":true,"href":"https:\/\/centroferiascordoba.com\/en\/wp-json\/wp\/v2\/media\/4035"}],"wp:attachment":[{"href":"https:\/\/centroferiascordoba.com\/en\/wp-json\/wp\/v2\/media?parent=4053"}],"wp:term":[{"taxonomy":"category","embeddable":true,"href":"https:\/\/centroferiascordoba.com\/en\/wp-json\/wp\/v2\/categories?post=4053"},{"taxonomy":"post_tag","embeddable":true,"href":"https:\/\/centroferiascordoba.com\/en\/wp-json\/wp\/v2\/tags?post=4053"}],"curies":[{"name":"wp","href":"https:\/\/api.w.org\/{rel}","templated":true}]}}