{"id":4061,"date":"2024-03-11T13:52:02","date_gmt":"2024-03-11T13:52:02","guid":{"rendered":"https:\/\/centroferiascordoba.com\/?p=4061"},"modified":"2024-03-11T13:56:07","modified_gmt":"2024-03-11T13:56:07","slug":"70-congreso-aep","status":"publish","type":"post","link":"https:\/\/centroferiascordoba.com\/en\/70-congreso-aep\/","title":{"rendered":"70\u00ba CONGRESO AEP"},"content":{"rendered":"<section class=\"wpb-content-wrapper\"><div id=\"vc_row-69f3a1f016a3d\" class=\"vc_row wpb_row vc_row-fluid thegem-custom-69f3a1f016a305246 vc_column-gap-20\"><div class=\"wpb_column vc_column_container vc_col-sm-6 thegem-custom-69f3a1f016d3a6773\"><div class=\"vc_column-inner thegem-custom-inner-69f3a1f016d3c\"><div class=\"wpb_wrapper thegem-custom-69f3a1f016d3a6773\">\r\n\t\r\n\t<div  class=\"wpb_single_image wpb_content_element vc_align_left\" >\r\n\t\t\r\n\t\t<figure class=\"wpb_wrapper vc_figure\">\r\n\t\t\t<div class=\"vc_single_image-wrapper   vc_box_border_grey\"><img fetchpriority=\"high\" decoding=\"async\" width=\"1299\" height=\"318\" src=\"https:\/\/centroferiascordoba.com\/wp-content\/uploads\/2024\/03\/aep.jpg\" class=\"vc_single_image-img attachment-full\" alt=\"\" title=\"aep\" srcset=\"https:\/\/centroferiascordoba.com\/wp-content\/uploads\/2024\/03\/aep.jpg 1299w, https:\/\/centroferiascordoba.com\/wp-content\/uploads\/2024\/03\/aep-300x73.jpg 300w, https:\/\/centroferiascordoba.com\/wp-content\/uploads\/2024\/03\/aep-1024x251.jpg 1024w, https:\/\/centroferiascordoba.com\/wp-content\/uploads\/2024\/03\/aep-768x188.jpg 768w\" sizes=\"(max-width: 1299px) 100vw, 1299px\" \/><\/div>\r\n\t\t<\/figure>\r\n\t<\/div>\r\n\t\r\n\r\n\t\r\n\t\t<div class=\"wpb_text_column wpb_content_element  vc_custom_1710165066627 thegem-vc-text thegem-custom-69f3a1f0176349197\"  >\r\n\t\t\t<div class=\"wpb_wrapper\">\r\n\t\t\t\t<p><span style=\"color: #000000;\">Como sociedad m\u00e9dico-cient\u00edfica ha definido una l\u00ednea de actuaci\u00f3n enfocada a la sostenibilidad ambiental, para contribuir de manera activa a la reducci\u00f3n de la huella ecol\u00f3gica, promoviendo pr\u00e1cticas m\u00e1s responsables y sostenibles. En el marco del 70\u00ba Congreso el objetivo es reforzar este compromiso con el medio ambiente y la preservaci\u00f3n del entorno local, con el fin de marcar la pauta y servir de ejemplo en eventos similares. Se llevar\u00e1n a cabo acciones como la eliminaci\u00f3n del papel y el pl\u00e1stico. El programa cient\u00edfico del congreso ser\u00e1 accesible de manera electr\u00f3nica a trav\u00e9s de los dispositivos m\u00f3viles de los congresistas y los envases se reemplazar\u00e1n por puntos de suministro de agua donde los asistentes podr\u00e1n llenar botellas reutilizables.<br \/>\n<\/span><\/p>\n<p><span style=\"color: #000000;\">Con la promoci\u00f3n de estas pr\u00e1cticas ecoamigables, se minimiza el impacto de la actividad congresual en el entorno y en la comunidad anfitriona, y trabajar juntos para construir un futuro m\u00e1s limpio y saludable.<\/span><\/p>\n<p><span style=\"color: #000000;\">Este a\u00f1o, el 70\u00ba Congreso coincide con un cumplea\u00f1os muy especial: el 75\u00ba aniversario de la creaci\u00f3n de la AEP.<\/span><\/p>\n<p><span style=\"color: #000000;\">\u00a0<\/span><\/p>\n\r\n\t\t\t<\/div>\r\n\t\t\t<style>@media screen and (max-width: 1023px) {.thegem-vc-text.thegem-custom-69f3a1f0176349197{display: block!important;}}@media screen and (max-width: 767px) {.thegem-vc-text.thegem-custom-69f3a1f0176349197{display: block!important;}}@media screen and (max-width: 1023px) {.thegem-vc-text.thegem-custom-69f3a1f0176349197{position: relative !important;}}@media screen and (max-width: 767px) {.thegem-vc-text.thegem-custom-69f3a1f0176349197{position: relative !important;}}<\/style>\r\n\t\t<\/div>\r\n\t\r\n<\/div><\/div><\/div><div class=\"wpb_column vc_column_container vc_col-sm-6 thegem-custom-69f3a1f0179181051\"><div class=\"vc_column-inner thegem-custom-inner-69f3a1f01791a vc_custom_1697023072784\"><div class=\"wpb_wrapper thegem-custom-69f3a1f0179181051\">\r\n\t\r\n\t<div  class=\"wpb_single_image wpb_content_element vc_align_left\" >\r\n\t\t\r\n\t\t<figure class=\"wpb_wrapper vc_figure\">\r\n\t\t\t<div class=\"vc_single_image-wrapper   vc_box_border_grey\"><img decoding=\"async\" width=\"1024\" height=\"17\" src=\"https:\/\/centroferiascordoba.com\/wp-content\/uploads\/2022\/10\/colores-1024x17.png\" class=\"vc_single_image-img attachment-large\" alt=\"\" title=\"colores\" srcset=\"https:\/\/centroferiascordoba.com\/wp-content\/uploads\/2022\/10\/colores-1024x17.png 1024w, https:\/\/centroferiascordoba.com\/wp-content\/uploads\/2022\/10\/colores-300x5.png 300w, https:\/\/centroferiascordoba.com\/wp-content\/uploads\/2022\/10\/colores-768x12.png 768w, https:\/\/centroferiascordoba.com\/wp-content\/uploads\/2022\/10\/colores-1536x25.png 1536w, https:\/\/centroferiascordoba.com\/wp-content\/uploads\/2022\/10\/colores-2048x33.png 2048w\" sizes=\"(max-width: 1024px) 100vw, 1024px\" \/><\/div>\r\n\t\t<\/figure>\r\n\t<\/div>\r\n\t\r\n\r\n\t\r\n\t\t<div class=\"wpb_text_column wpb_content_element  thegem-vc-text thegem-custom-69f3a1f017fc13847\"  >\r\n\t\t\t<div class=\"wpb_wrapper\">\r\n\t\t\t\t<p><span style=\"color: #000000;\"><strong>Fecha inicio evento:<\/strong> 06 junio 2024<\/span><br \/>\n<span style=\"color: #000000;\"><strong>Fecha fin evento<\/strong>: 08 junio 2024<\/span><br \/>\n<span style=\"color: #000000;\"><strong>Web evento:<\/strong><\/span><br \/>\n<a href=\"https:\/\/www.aepeventosdigitales.com\/\" target=\"_blank\" rel=\"noopener\">https:\/\/www.aepeventosdigitales.com\/<\/a><\/p>\n<p><span style=\"color: #000000;\"><strong>DATOS CONTACTO ORGANIZACI\u00d3N<\/strong><\/span><\/p>\n<p><span style=\"color: #000000;\"><strong>Secretar\u00eda Cient\u00edfica \u2013 Comunicaciones<br \/>\n<\/strong>secretaria.cientifica.aep@aeped.es<strong><br \/>\n<\/strong>Tlf. 914 354 916<strong><br \/>\n<\/strong><\/span><\/p>\n<p><span style=\"color: #000000;\"><strong>Inscripciones<br \/>\n<\/strong><em>Carla P\u00e9rez<\/em> <\/span><\/p>\n<p><span style=\"color: #000000;\">pediatria.inscripciones@gmail.com<br \/>\nTlf. 914 354 916<strong><br \/>\n<\/strong><\/span><\/p>\n<p><span style=\"color: #000000;\"><strong>Exposici\u00f3n Comercial y Patrocinios<br \/>\n<\/strong><em>Virginia P\u00e9rez<\/em> <\/span><\/p>\n<p><span style=\"color: #000000;\">colaboraciones.congresoaep@gmail.com<br \/>\nTlf. 914 354 916<\/span><\/p>\n\r\n\t\t\t<\/div>\r\n\t\t\t<style>@media screen and (max-width: 1023px) {.thegem-vc-text.thegem-custom-69f3a1f017fc13847{display: block!important;}}@media screen and (max-width: 767px) {.thegem-vc-text.thegem-custom-69f3a1f017fc13847{display: block!important;}}@media screen and (max-width: 1023px) {.thegem-vc-text.thegem-custom-69f3a1f017fc13847{position: relative !important;}}@media screen and (max-width: 767px) {.thegem-vc-text.thegem-custom-69f3a1f017fc13847{position: relative !important;}}<\/style>\r\n\t\t<\/div>\r\n\t\r\n\r\n\t\r\n\t<div  class=\"wpb_single_image wpb_content_element vc_align_left\" >\r\n\t\t\r\n\t\t<figure class=\"wpb_wrapper vc_figure\">\r\n\t\t\t<div class=\"vc_single_image-wrapper   vc_box_border_grey\"><img decoding=\"async\" width=\"1024\" height=\"17\" src=\"https:\/\/centroferiascordoba.com\/wp-content\/uploads\/2022\/10\/colores-1024x17.png\" class=\"vc_single_image-img attachment-large\" alt=\"\" title=\"colores\" srcset=\"https:\/\/centroferiascordoba.com\/wp-content\/uploads\/2022\/10\/colores-1024x17.png 1024w, https:\/\/centroferiascordoba.com\/wp-content\/uploads\/2022\/10\/colores-300x5.png 300w, https:\/\/centroferiascordoba.com\/wp-content\/uploads\/2022\/10\/colores-768x12.png 768w, https:\/\/centroferiascordoba.com\/wp-content\/uploads\/2022\/10\/colores-1536x25.png 1536w, https:\/\/centroferiascordoba.com\/wp-content\/uploads\/2022\/10\/colores-2048x33.png 2048w\" sizes=\"(max-width: 1024px) 100vw, 1024px\" \/><\/div>\r\n\t\t<\/figure>\r\n\t<\/div>\r\n\t\r\n<\/div><\/div><\/div><\/div>\n<\/section>","protected":false},"excerpt":{"rendered":"<p>El Centro de Exposiciones, Ferias y Convenciones (CEFC) en C\u00f3rdoba acoger\u00e1,\u00a0del 18 al 20 de octubre, el XXIV Congreso Nacional de Hosteler\u00eda Hospitalaria, que organiza la asociaci\u00f3n de mismo nombre<\/p>","protected":false},"author":10,"featured_media":4036,"comment_status":"closed","ping_status":"open","sticky":false,"template":"","format":"standard","meta":{"footnotes":""},"categories":[49],"tags":[],"class_list":{"0":"post-4061","1":"post","2":"type-post","3":"status-publish","4":"format-standard","5":"has-post-thumbnail","7":"category-proximos-eventos"},"yoast_head":"<!-- This site is optimized with the Yoast SEO plugin v20.1 - https:\/\/yoast.com\/wordpress\/plugins\/seo\/ -->\n<title>70\u00ba CONGRESO AEP - CEFC<\/title>\n<meta name=\"robots\" content=\"index, follow, max-snippet:-1, max-image-preview:large, max-video-preview:-1\" \/>\n<link rel=\"canonical\" href=\"https:\/\/centroferiascordoba.com\/en\/70-congreso-aep\/\" \/>\n<meta property=\"og:locale\" content=\"en_GB\" \/>\n<meta property=\"og:type\" content=\"article\" \/>\n<meta property=\"og:title\" content=\"70\u00ba CONGRESO AEP - CEFC\" \/>\n<meta property=\"og:description\" content=\"El Centro de Exposiciones, Ferias y Convenciones (CEFC) en C\u00f3rdoba acoger\u00e1,\u00a0del 18 al 20 de octubre, el XXIV Congreso Nacional de Hosteler\u00eda Hospitalaria, que organiza la asociaci\u00f3n de mismo nombre\" \/>\n<meta property=\"og:url\" content=\"https:\/\/centroferiascordoba.com\/en\/70-congreso-aep\/\" \/>\n<meta property=\"og:site_name\" content=\"CEFC\" \/>\n<meta property=\"article:published_time\" content=\"2024-03-11T13:52:02+00:00\" \/>\n<meta property=\"article:modified_time\" content=\"2024-03-11T13:56:07+00:00\" \/>\n<meta property=\"og:image\" content=\"https:\/\/centroferiascordoba.com\/wp-content\/uploads\/2024\/03\/aep1.jpg\" \/>\n\t<meta property=\"og:image:width\" content=\"1423\" \/>\n\t<meta property=\"og:image:height\" content=\"803\" \/>\n\t<meta property=\"og:image:type\" content=\"image\/jpeg\" \/>\n<meta name=\"author\" content=\"Euro Social Media S.L\" \/>\n<meta name=\"twitter:card\" content=\"summary_large_image\" \/>\n<meta name=\"twitter:label1\" content=\"Written by\" \/>\n\t<meta name=\"twitter:data1\" content=\"Euro Social Media S.L\" \/>\n\t<meta name=\"twitter:label2\" content=\"Estimated reading time\" \/>\n\t<meta name=\"twitter:data2\" content=\"2 minutes\" \/>\n<script type=\"application\/ld+json\" class=\"yoast-schema-graph\">{\"@context\":\"https:\/\/schema.org\",\"@graph\":[{\"@type\":\"WebPage\",\"@id\":\"https:\/\/centroferiascordoba.com\/70-congreso-aep\/\",\"url\":\"https:\/\/centroferiascordoba.com\/70-congreso-aep\/\",\"name\":\"70\u00ba CONGRESO AEP - CEFC\",\"isPartOf\":{\"@id\":\"https:\/\/centroferiascordoba.com\/#website\"},\"datePublished\":\"2024-03-11T13:52:02+00:00\",\"dateModified\":\"2024-03-11T13:56:07+00:00\",\"author\":{\"@id\":\"https:\/\/centroferiascordoba.com\/#\/schema\/person\/608f85d3131a3e006c4eb4cc3e3f4d2f\"},\"breadcrumb\":{\"@id\":\"https:\/\/centroferiascordoba.com\/70-congreso-aep\/#breadcrumb\"},\"inLanguage\":\"en-GB\",\"potentialAction\":[{\"@type\":\"ReadAction\",\"target\":[\"https:\/\/centroferiascordoba.com\/70-congreso-aep\/\"]}]},{\"@type\":\"BreadcrumbList\",\"@id\":\"https:\/\/centroferiascordoba.com\/70-congreso-aep\/#breadcrumb\",\"itemListElement\":[{\"@type\":\"ListItem\",\"position\":1,\"name\":\"Portada\",\"item\":\"https:\/\/centroferiascordoba.com\/\"},{\"@type\":\"ListItem\",\"position\":2,\"name\":\"70\u00ba CONGRESO AEP\"}]},{\"@type\":\"WebSite\",\"@id\":\"https:\/\/centroferiascordoba.com\/#website\",\"url\":\"https:\/\/centroferiascordoba.com\/\",\"name\":\"CEFC\",\"description\":\"Sitio Web Oficial Centro de Exposiciones, Ferias y Convenciones de C\u00f3rdoba\",\"potentialAction\":[{\"@type\":\"SearchAction\",\"target\":{\"@type\":\"EntryPoint\",\"urlTemplate\":\"https:\/\/centroferiascordoba.com\/?s={search_term_string}\"},\"query-input\":\"required name=search_term_string\"}],\"inLanguage\":\"en-GB\"},{\"@type\":\"Person\",\"@id\":\"https:\/\/centroferiascordoba.com\/#\/schema\/person\/608f85d3131a3e006c4eb4cc3e3f4d2f\",\"name\":\"Euro Social Media S.L\",\"image\":{\"@type\":\"ImageObject\",\"inLanguage\":\"en-GB\",\"@id\":\"https:\/\/centroferiascordoba.com\/#\/schema\/person\/image\/\",\"url\":\"https:\/\/secure.gravatar.com\/avatar\/c8d0b4f9b74ec0233f3793d5129442bd8355eecfd8d165dc02c5b82963d8d85b?s=96&d=mm&r=g\",\"contentUrl\":\"https:\/\/secure.gravatar.com\/avatar\/c8d0b4f9b74ec0233f3793d5129442bd8355eecfd8d165dc02c5b82963d8d85b?s=96&d=mm&r=g\",\"caption\":\"Euro Social Media S.L\"},\"url\":\"https:\/\/centroferiascordoba.com\/en\/author\/euro-social-media-s-l\/\"}]}<\/script>\n<!-- \/ Yoast SEO plugin. -->","yoast_head_json":{"title":"70\u00ba CONGRESO AEP - CEFC","robots":{"index":"index","follow":"follow","max-snippet":"max-snippet:-1","max-image-preview":"max-image-preview:large","max-video-preview":"max-video-preview:-1"},"canonical":"https:\/\/centroferiascordoba.com\/en\/70-congreso-aep\/","og_locale":"en_GB","og_type":"article","og_title":"70\u00ba CONGRESO AEP - CEFC","og_description":"El Centro de Exposiciones, Ferias y Convenciones (CEFC) en C\u00f3rdoba acoger\u00e1,\u00a0del 18 al 20 de octubre, el XXIV Congreso Nacional de Hosteler\u00eda Hospitalaria, que organiza la asociaci\u00f3n de mismo nombre","og_url":"https:\/\/centroferiascordoba.com\/en\/70-congreso-aep\/","og_site_name":"CEFC","article_published_time":"2024-03-11T13:52:02+00:00","article_modified_time":"2024-03-11T13:56:07+00:00","og_image":[{"width":1423,"height":803,"url":"https:\/\/centroferiascordoba.com\/wp-content\/uploads\/2024\/03\/aep1.jpg","type":"image\/jpeg"}],"author":"Euro Social Media S.L","twitter_card":"summary_large_image","twitter_misc":{"Written by":"Euro Social Media S.L","Estimated reading time":"2 minutes"},"schema":{"@context":"https:\/\/schema.org","@graph":[{"@type":"WebPage","@id":"https:\/\/centroferiascordoba.com\/70-congreso-aep\/","url":"https:\/\/centroferiascordoba.com\/70-congreso-aep\/","name":"70\u00ba CONGRESO AEP - CEFC","isPartOf":{"@id":"https:\/\/centroferiascordoba.com\/#website"},"datePublished":"2024-03-11T13:52:02+00:00","dateModified":"2024-03-11T13:56:07+00:00","author":{"@id":"https:\/\/centroferiascordoba.com\/#\/schema\/person\/608f85d3131a3e006c4eb4cc3e3f4d2f"},"breadcrumb":{"@id":"https:\/\/centroferiascordoba.com\/70-congreso-aep\/#breadcrumb"},"inLanguage":"en-GB","potentialAction":[{"@type":"ReadAction","target":["https:\/\/centroferiascordoba.com\/70-congreso-aep\/"]}]},{"@type":"BreadcrumbList","@id":"https:\/\/centroferiascordoba.com\/70-congreso-aep\/#breadcrumb","itemListElement":[{"@type":"ListItem","position":1,"name":"Portada","item":"https:\/\/centroferiascordoba.com\/"},{"@type":"ListItem","position":2,"name":"70\u00ba CONGRESO AEP"}]},{"@type":"WebSite","@id":"https:\/\/centroferiascordoba.com\/#website","url":"https:\/\/centroferiascordoba.com\/","name":"CEFC","description":"Sitio Web Oficial Centro de Exposiciones, Ferias y Convenciones de C\u00f3rdoba","potentialAction":[{"@type":"SearchAction","target":{"@type":"EntryPoint","urlTemplate":"https:\/\/centroferiascordoba.com\/?s={search_term_string}"},"query-input":"required name=search_term_string"}],"inLanguage":"en-GB"},{"@type":"Person","@id":"https:\/\/centroferiascordoba.com\/#\/schema\/person\/608f85d3131a3e006c4eb4cc3e3f4d2f","name":"Euro Social Media S.L","image":{"@type":"ImageObject","inLanguage":"en-GB","@id":"https:\/\/centroferiascordoba.com\/#\/schema\/person\/image\/","url":"https:\/\/secure.gravatar.com\/avatar\/c8d0b4f9b74ec0233f3793d5129442bd8355eecfd8d165dc02c5b82963d8d85b?s=96&d=mm&r=g","contentUrl":"https:\/\/secure.gravatar.com\/avatar\/c8d0b4f9b74ec0233f3793d5129442bd8355eecfd8d165dc02c5b82963d8d85b?s=96&d=mm&r=g","caption":"Euro Social Media S.L"},"url":"https:\/\/centroferiascordoba.com\/en\/author\/euro-social-media-s-l\/"}]}},"_links":{"self":[{"href":"https:\/\/centroferiascordoba.com\/en\/wp-json\/wp\/v2\/posts\/4061","targetHints":{"allow":["GET"]}}],"collection":[{"href":"https:\/\/centroferiascordoba.com\/en\/wp-json\/wp\/v2\/posts"}],"about":[{"href":"https:\/\/centroferiascordoba.com\/en\/wp-json\/wp\/v2\/types\/post"}],"author":[{"embeddable":true,"href":"https:\/\/centroferiascordoba.com\/en\/wp-json\/wp\/v2\/users\/10"}],"replies":[{"embeddable":true,"href":"https:\/\/centroferiascordoba.com\/en\/wp-json\/wp\/v2\/comments?post=4061"}],"version-history":[{"count":4,"href":"https:\/\/centroferiascordoba.com\/en\/wp-json\/wp\/v2\/posts\/4061\/revisions"}],"predecessor-version":[{"id":4066,"href":"https:\/\/centroferiascordoba.com\/en\/wp-json\/wp\/v2\/posts\/4061\/revisions\/4066"}],"wp:featuredmedia":[{"embeddable":true,"href":"https:\/\/centroferiascordoba.com\/en\/wp-json\/wp\/v2\/media\/4036"}],"wp:attachment":[{"href":"https:\/\/centroferiascordoba.com\/en\/wp-json\/wp\/v2\/media?parent=4061"}],"wp:term":[{"taxonomy":"category","embeddable":true,"href":"https:\/\/centroferiascordoba.com\/en\/wp-json\/wp\/v2\/categories?post=4061"},{"taxonomy":"post_tag","embeddable":true,"href":"https:\/\/centroferiascordoba.com\/en\/wp-json\/wp\/v2\/tags?post=4061"}],"curies":[{"name":"wp","href":"https:\/\/api.w.org\/{rel}","templated":true}]}}