{"id":825,"date":"2023-10-10T11:50:48","date_gmt":"2023-10-10T11:50:48","guid":{"rendered":"https:\/\/democontent.codex-themes.com\/thegem-blocks\/?p=825"},"modified":"2023-10-11T11:26:16","modified_gmt":"2023-10-11T11:26:16","slug":"11-20-octubre-2023-bodaeventos-cordoba","status":"publish","type":"post","link":"https:\/\/centroferiascordoba.com\/en\/11-20-octubre-2023-bodaeventos-cordoba\/","title":{"rendered":"BODAEVENTOS C\u00d3RDOBA"},"content":{"rendered":"<section class=\"wpb-content-wrapper\"><div id=\"vc_row-69f3a19ed2221\" class=\"vc_row wpb_row vc_row-fluid thegem-custom-69f3a19ed21ca4293 vc_column-gap-20\"><div class=\"wpb_column vc_column_container vc_col-sm-6 thegem-custom-69f3a19ed25789622\"><div class=\"vc_column-inner thegem-custom-inner-69f3a19ed257a\"><div class=\"wpb_wrapper thegem-custom-69f3a19ed25789622\">\r\n\t\r\n\t<div  class=\"wpb_single_image wpb_content_element vc_align_left\" >\r\n\t\t\r\n\t\t<figure class=\"wpb_wrapper vc_figure\">\r\n\t\t\t<div class=\"vc_single_image-wrapper   vc_box_border_grey\"><img fetchpriority=\"high\" decoding=\"async\" width=\"1024\" height=\"535\" src=\"https:\/\/centroferiascordoba.com\/wp-content\/uploads\/2020\/02\/bodaeventos_02-1024x535.jpg\" class=\"vc_single_image-img attachment-large\" alt=\"\" title=\"bodaeventos_02\" srcset=\"https:\/\/centroferiascordoba.com\/wp-content\/uploads\/2020\/02\/bodaeventos_02-1024x535.jpg 1024w, https:\/\/centroferiascordoba.com\/wp-content\/uploads\/2020\/02\/bodaeventos_02-300x157.jpg 300w, https:\/\/centroferiascordoba.com\/wp-content\/uploads\/2020\/02\/bodaeventos_02-768x401.jpg 768w, https:\/\/centroferiascordoba.com\/wp-content\/uploads\/2020\/02\/bodaeventos_02.jpg 1444w\" sizes=\"(max-width: 1024px) 100vw, 1024px\" \/><\/div>\r\n\t\t<\/figure>\r\n\t<\/div>\r\n\t\r\n\r\n\t\r\n\t\t<div class=\"wpb_text_column wpb_content_element  thegem-vc-text thegem-custom-69f3a19ed2f6d3073\"  >\r\n\t\t\t<div class=\"wpb_wrapper\">\r\n\t\t\t\t<p><span style=\"color: #000000;\">En Bodaeventos encontrar\u00e1s todo lo que necesitas para organizar tu boda o evento desde el traje de novi@s al restaurante, desde tus joyas a las invitaciones, del reportaje de fotos al viaje, de las flores a los detalles \u2026 Los mejores proveedores de la provincia de C\u00f3rdoba van a presentar sus novedades y darte los mejores consejos para que ese d\u00eda salga todo verdaderamente perfecto. Habr\u00e1 desfiles el s\u00e1bado adem\u00e1s de actuaciones musicales y otras actividades o demostraciones, etc. Bodaeventos Ferias cuenta con m\u00e1s de 30 a\u00f1os de experiencia en el sector y un grupo de profesionales con experiencia y profesionalidad<\/span><\/p>\n\r\n\t\t\t<\/div>\r\n\t\t\t<style>@media screen and (max-width: 1023px) {.thegem-vc-text.thegem-custom-69f3a19ed2f6d3073{display: block!important;}}@media screen and (max-width: 767px) {.thegem-vc-text.thegem-custom-69f3a19ed2f6d3073{display: block!important;}}@media screen and (max-width: 1023px) {.thegem-vc-text.thegem-custom-69f3a19ed2f6d3073{position: relative !important;}}@media screen and (max-width: 767px) {.thegem-vc-text.thegem-custom-69f3a19ed2f6d3073{position: relative !important;}}<\/style>\r\n\t\t<\/div>\r\n\t\r\n<\/div><\/div><\/div><div class=\"wpb_column vc_column_container vc_col-sm-6 thegem-custom-69f3a19ed322a2780\"><div class=\"vc_column-inner thegem-custom-inner-69f3a19ed322c vc_custom_1697023557839\"><div class=\"wpb_wrapper thegem-custom-69f3a19ed322a2780\">\r\n\t\r\n\t<div  class=\"wpb_single_image wpb_content_element vc_align_left\" >\r\n\t\t\r\n\t\t<figure class=\"wpb_wrapper vc_figure\">\r\n\t\t\t<div class=\"vc_single_image-wrapper   vc_box_border_grey\"><img decoding=\"async\" width=\"1024\" height=\"17\" src=\"https:\/\/centroferiascordoba.com\/wp-content\/uploads\/2022\/10\/colores-1024x17.png\" class=\"vc_single_image-img attachment-large\" alt=\"\" title=\"colores\" srcset=\"https:\/\/centroferiascordoba.com\/wp-content\/uploads\/2022\/10\/colores-1024x17.png 1024w, https:\/\/centroferiascordoba.com\/wp-content\/uploads\/2022\/10\/colores-300x5.png 300w, https:\/\/centroferiascordoba.com\/wp-content\/uploads\/2022\/10\/colores-768x12.png 768w, https:\/\/centroferiascordoba.com\/wp-content\/uploads\/2022\/10\/colores-1536x25.png 1536w, https:\/\/centroferiascordoba.com\/wp-content\/uploads\/2022\/10\/colores-2048x33.png 2048w\" sizes=\"(max-width: 1024px) 100vw, 1024px\" \/><\/div>\r\n\t\t<\/figure>\r\n\t<\/div>\r\n\t\r\n\r\n\t\r\n\t\t<div class=\"wpb_text_column wpb_content_element  thegem-vc-text thegem-custom-69f3a19ed38005443\"  >\r\n\t\t\t<div class=\"wpb_wrapper\">\r\n\t\t\t\t<p><span style=\"color: #000000;\"><strong>Fecha inicio evento:<\/strong> 11 noviembre 2023<\/span><br \/>\n<span style=\"color: #000000;\"><strong>Fecha fin evento<\/strong>: 12 noviembre 2023<\/span><br \/>\n<span style=\"color: #000000;\"><strong>Web evento:<\/strong><\/span><br \/>\n<span style=\"color: #000000;\">https:\/\/www.bodaeventos.es\/ferias-bodas\/cordoba<\/span><br \/>\n<span style=\"color: #000000;\"><strong>Organizado por<\/strong><\/span><br \/>\n<span style=\"color: #000000;\">BODAEVENTOS<\/span><\/p>\n\r\n\t\t\t<\/div>\r\n\t\t\t<style>@media screen and (max-width: 1023px) {.thegem-vc-text.thegem-custom-69f3a19ed38005443{display: block!important;}}@media screen and (max-width: 767px) {.thegem-vc-text.thegem-custom-69f3a19ed38005443{display: block!important;}}@media screen and (max-width: 1023px) {.thegem-vc-text.thegem-custom-69f3a19ed38005443{position: relative !important;}}@media screen and (max-width: 767px) {.thegem-vc-text.thegem-custom-69f3a19ed38005443{position: relative !important;}}<\/style>\r\n\t\t<\/div>\r\n\t\r\n\r\n\t\r\n\t<div  class=\"wpb_single_image wpb_content_element vc_align_left\" >\r\n\t\t\r\n\t\t<figure class=\"wpb_wrapper vc_figure\">\r\n\t\t\t<div class=\"vc_single_image-wrapper   vc_box_border_grey\"><img decoding=\"async\" width=\"1024\" height=\"17\" src=\"https:\/\/centroferiascordoba.com\/wp-content\/uploads\/2022\/10\/colores-1024x17.png\" class=\"vc_single_image-img attachment-large\" alt=\"\" title=\"colores\" srcset=\"https:\/\/centroferiascordoba.com\/wp-content\/uploads\/2022\/10\/colores-1024x17.png 1024w, https:\/\/centroferiascordoba.com\/wp-content\/uploads\/2022\/10\/colores-300x5.png 300w, https:\/\/centroferiascordoba.com\/wp-content\/uploads\/2022\/10\/colores-768x12.png 768w, https:\/\/centroferiascordoba.com\/wp-content\/uploads\/2022\/10\/colores-1536x25.png 1536w, https:\/\/centroferiascordoba.com\/wp-content\/uploads\/2022\/10\/colores-2048x33.png 2048w\" sizes=\"(max-width: 1024px) 100vw, 1024px\" \/><\/div>\r\n\t\t<\/figure>\r\n\t<\/div>\r\n\t\r\n<\/div><\/div><\/div><\/div>\n<\/section>","protected":false},"excerpt":{"rendered":"<p>Todo lo relacionado con el mundo de las bodas estar\u00e1 concentrado en Bodaeventos C\u00f3rdoba 2023, la feria que se celebra en el Centro de Exposiciones, Ferias y Convenciones de C\u00f3rdoba (CEFC) <\/p>","protected":false},"author":10,"featured_media":3902,"comment_status":"closed","ping_status":"open","sticky":false,"template":"","format":"standard","meta":{"footnotes":""},"categories":[1],"tags":[],"class_list":{"0":"post-825","1":"post","2":"type-post","3":"status-publish","4":"format-standard","5":"has-post-thumbnail","7":"category-sin-categoria"},"yoast_head":"<!-- This site is optimized with the Yoast SEO plugin v20.1 - https:\/\/yoast.com\/wordpress\/plugins\/seo\/ -->\n<title>BODAEVENTOS C\u00d3RDOBA - CEFC<\/title>\n<meta name=\"robots\" content=\"index, follow, max-snippet:-1, max-image-preview:large, max-video-preview:-1\" \/>\n<link rel=\"canonical\" href=\"https:\/\/centroferiascordoba.com\/en\/11-20-octubre-2023-bodaeventos-cordoba\/\" \/>\n<meta property=\"og:locale\" content=\"en_GB\" \/>\n<meta property=\"og:type\" content=\"article\" \/>\n<meta property=\"og:title\" content=\"BODAEVENTOS C\u00d3RDOBA - CEFC\" \/>\n<meta property=\"og:description\" content=\"Todo lo relacionado con el mundo de las bodas estar\u00e1 concentrado en Bodaeventos C\u00f3rdoba 2023, la feria que se celebra en el Centro de Exposiciones, Ferias y Convenciones de C\u00f3rdoba (CEFC)\" \/>\n<meta property=\"og:url\" content=\"https:\/\/centroferiascordoba.com\/en\/11-20-octubre-2023-bodaeventos-cordoba\/\" \/>\n<meta property=\"og:site_name\" content=\"CEFC\" \/>\n<meta property=\"article:published_time\" content=\"2023-10-10T11:50:48+00:00\" \/>\n<meta property=\"article:modified_time\" content=\"2023-10-11T11:26:16+00:00\" \/>\n<meta property=\"og:image\" content=\"https:\/\/centroferiascordoba.com\/wp-content\/uploads\/2020\/02\/bodaeventos.jpg\" \/>\n\t<meta property=\"og:image:width\" content=\"462\" \/>\n\t<meta property=\"og:image:height\" content=\"427\" \/>\n\t<meta property=\"og:image:type\" content=\"image\/jpeg\" \/>\n<meta name=\"author\" content=\"Euro Social Media S.L\" \/>\n<meta name=\"twitter:card\" content=\"summary_large_image\" \/>\n<meta name=\"twitter:label1\" content=\"Written by\" \/>\n\t<meta name=\"twitter:data1\" content=\"Euro Social Media S.L\" \/>\n\t<meta name=\"twitter:label2\" content=\"Estimated reading time\" \/>\n\t<meta name=\"twitter:data2\" content=\"1 minute\" \/>\n<script type=\"application\/ld+json\" class=\"yoast-schema-graph\">{\"@context\":\"https:\/\/schema.org\",\"@graph\":[{\"@type\":\"WebPage\",\"@id\":\"https:\/\/centroferiascordoba.com\/11-20-octubre-2023-bodaeventos-cordoba\/\",\"url\":\"https:\/\/centroferiascordoba.com\/11-20-octubre-2023-bodaeventos-cordoba\/\",\"name\":\"BODAEVENTOS C\u00d3RDOBA - CEFC\",\"isPartOf\":{\"@id\":\"https:\/\/centroferiascordoba.com\/#website\"},\"datePublished\":\"2023-10-10T11:50:48+00:00\",\"dateModified\":\"2023-10-11T11:26:16+00:00\",\"author\":{\"@id\":\"https:\/\/centroferiascordoba.com\/#\/schema\/person\/608f85d3131a3e006c4eb4cc3e3f4d2f\"},\"breadcrumb\":{\"@id\":\"https:\/\/centroferiascordoba.com\/11-20-octubre-2023-bodaeventos-cordoba\/#breadcrumb\"},\"inLanguage\":\"en-GB\",\"potentialAction\":[{\"@type\":\"ReadAction\",\"target\":[\"https:\/\/centroferiascordoba.com\/11-20-octubre-2023-bodaeventos-cordoba\/\"]}]},{\"@type\":\"BreadcrumbList\",\"@id\":\"https:\/\/centroferiascordoba.com\/11-20-octubre-2023-bodaeventos-cordoba\/#breadcrumb\",\"itemListElement\":[{\"@type\":\"ListItem\",\"position\":1,\"name\":\"Portada\",\"item\":\"https:\/\/centroferiascordoba.com\/\"},{\"@type\":\"ListItem\",\"position\":2,\"name\":\"BODAEVENTOS C\u00d3RDOBA\"}]},{\"@type\":\"WebSite\",\"@id\":\"https:\/\/centroferiascordoba.com\/#website\",\"url\":\"https:\/\/centroferiascordoba.com\/\",\"name\":\"CEFC\",\"description\":\"Sitio Web Oficial Centro de Exposiciones, Ferias y Convenciones de C\u00f3rdoba\",\"potentialAction\":[{\"@type\":\"SearchAction\",\"target\":{\"@type\":\"EntryPoint\",\"urlTemplate\":\"https:\/\/centroferiascordoba.com\/?s={search_term_string}\"},\"query-input\":\"required name=search_term_string\"}],\"inLanguage\":\"en-GB\"},{\"@type\":\"Person\",\"@id\":\"https:\/\/centroferiascordoba.com\/#\/schema\/person\/608f85d3131a3e006c4eb4cc3e3f4d2f\",\"name\":\"Euro Social Media S.L\",\"image\":{\"@type\":\"ImageObject\",\"inLanguage\":\"en-GB\",\"@id\":\"https:\/\/centroferiascordoba.com\/#\/schema\/person\/image\/\",\"url\":\"https:\/\/secure.gravatar.com\/avatar\/c8d0b4f9b74ec0233f3793d5129442bd8355eecfd8d165dc02c5b82963d8d85b?s=96&d=mm&r=g\",\"contentUrl\":\"https:\/\/secure.gravatar.com\/avatar\/c8d0b4f9b74ec0233f3793d5129442bd8355eecfd8d165dc02c5b82963d8d85b?s=96&d=mm&r=g\",\"caption\":\"Euro Social Media S.L\"},\"url\":\"https:\/\/centroferiascordoba.com\/en\/author\/euro-social-media-s-l\/\"}]}<\/script>\n<!-- \/ Yoast SEO plugin. -->","yoast_head_json":{"title":"BODAEVENTOS C\u00d3RDOBA - CEFC","robots":{"index":"index","follow":"follow","max-snippet":"max-snippet:-1","max-image-preview":"max-image-preview:large","max-video-preview":"max-video-preview:-1"},"canonical":"https:\/\/centroferiascordoba.com\/en\/11-20-octubre-2023-bodaeventos-cordoba\/","og_locale":"en_GB","og_type":"article","og_title":"BODAEVENTOS C\u00d3RDOBA - CEFC","og_description":"Todo lo relacionado con el mundo de las bodas estar\u00e1 concentrado en Bodaeventos C\u00f3rdoba 2023, la feria que se celebra en el Centro de Exposiciones, Ferias y Convenciones de C\u00f3rdoba (CEFC)","og_url":"https:\/\/centroferiascordoba.com\/en\/11-20-octubre-2023-bodaeventos-cordoba\/","og_site_name":"CEFC","article_published_time":"2023-10-10T11:50:48+00:00","article_modified_time":"2023-10-11T11:26:16+00:00","og_image":[{"width":462,"height":427,"url":"https:\/\/centroferiascordoba.com\/wp-content\/uploads\/2020\/02\/bodaeventos.jpg","type":"image\/jpeg"}],"author":"Euro Social Media S.L","twitter_card":"summary_large_image","twitter_misc":{"Written by":"Euro Social Media S.L","Estimated reading time":"1 minute"},"schema":{"@context":"https:\/\/schema.org","@graph":[{"@type":"WebPage","@id":"https:\/\/centroferiascordoba.com\/11-20-octubre-2023-bodaeventos-cordoba\/","url":"https:\/\/centroferiascordoba.com\/11-20-octubre-2023-bodaeventos-cordoba\/","name":"BODAEVENTOS C\u00d3RDOBA - CEFC","isPartOf":{"@id":"https:\/\/centroferiascordoba.com\/#website"},"datePublished":"2023-10-10T11:50:48+00:00","dateModified":"2023-10-11T11:26:16+00:00","author":{"@id":"https:\/\/centroferiascordoba.com\/#\/schema\/person\/608f85d3131a3e006c4eb4cc3e3f4d2f"},"breadcrumb":{"@id":"https:\/\/centroferiascordoba.com\/11-20-octubre-2023-bodaeventos-cordoba\/#breadcrumb"},"inLanguage":"en-GB","potentialAction":[{"@type":"ReadAction","target":["https:\/\/centroferiascordoba.com\/11-20-octubre-2023-bodaeventos-cordoba\/"]}]},{"@type":"BreadcrumbList","@id":"https:\/\/centroferiascordoba.com\/11-20-octubre-2023-bodaeventos-cordoba\/#breadcrumb","itemListElement":[{"@type":"ListItem","position":1,"name":"Portada","item":"https:\/\/centroferiascordoba.com\/"},{"@type":"ListItem","position":2,"name":"BODAEVENTOS C\u00d3RDOBA"}]},{"@type":"WebSite","@id":"https:\/\/centroferiascordoba.com\/#website","url":"https:\/\/centroferiascordoba.com\/","name":"CEFC","description":"Sitio Web Oficial Centro de Exposiciones, Ferias y Convenciones de C\u00f3rdoba","potentialAction":[{"@type":"SearchAction","target":{"@type":"EntryPoint","urlTemplate":"https:\/\/centroferiascordoba.com\/?s={search_term_string}"},"query-input":"required name=search_term_string"}],"inLanguage":"en-GB"},{"@type":"Person","@id":"https:\/\/centroferiascordoba.com\/#\/schema\/person\/608f85d3131a3e006c4eb4cc3e3f4d2f","name":"Euro Social Media S.L","image":{"@type":"ImageObject","inLanguage":"en-GB","@id":"https:\/\/centroferiascordoba.com\/#\/schema\/person\/image\/","url":"https:\/\/secure.gravatar.com\/avatar\/c8d0b4f9b74ec0233f3793d5129442bd8355eecfd8d165dc02c5b82963d8d85b?s=96&d=mm&r=g","contentUrl":"https:\/\/secure.gravatar.com\/avatar\/c8d0b4f9b74ec0233f3793d5129442bd8355eecfd8d165dc02c5b82963d8d85b?s=96&d=mm&r=g","caption":"Euro Social Media S.L"},"url":"https:\/\/centroferiascordoba.com\/en\/author\/euro-social-media-s-l\/"}]}},"_links":{"self":[{"href":"https:\/\/centroferiascordoba.com\/en\/wp-json\/wp\/v2\/posts\/825","targetHints":{"allow":["GET"]}}],"collection":[{"href":"https:\/\/centroferiascordoba.com\/en\/wp-json\/wp\/v2\/posts"}],"about":[{"href":"https:\/\/centroferiascordoba.com\/en\/wp-json\/wp\/v2\/types\/post"}],"author":[{"embeddable":true,"href":"https:\/\/centroferiascordoba.com\/en\/wp-json\/wp\/v2\/users\/10"}],"replies":[{"embeddable":true,"href":"https:\/\/centroferiascordoba.com\/en\/wp-json\/wp\/v2\/comments?post=825"}],"version-history":[{"count":4,"href":"https:\/\/centroferiascordoba.com\/en\/wp-json\/wp\/v2\/posts\/825\/revisions"}],"predecessor-version":[{"id":3946,"href":"https:\/\/centroferiascordoba.com\/en\/wp-json\/wp\/v2\/posts\/825\/revisions\/3946"}],"wp:featuredmedia":[{"embeddable":true,"href":"https:\/\/centroferiascordoba.com\/en\/wp-json\/wp\/v2\/media\/3902"}],"wp:attachment":[{"href":"https:\/\/centroferiascordoba.com\/en\/wp-json\/wp\/v2\/media?parent=825"}],"wp:term":[{"taxonomy":"category","embeddable":true,"href":"https:\/\/centroferiascordoba.com\/en\/wp-json\/wp\/v2\/categories?post=825"},{"taxonomy":"post_tag","embeddable":true,"href":"https:\/\/centroferiascordoba.com\/en\/wp-json\/wp\/v2\/tags?post=825"}],"curies":[{"name":"wp","href":"https:\/\/api.w.org\/{rel}","templated":true}]}}